{"id":2485,"date":"2021-06-17T11:15:48","date_gmt":"2021-06-17T14:15:48","guid":{"rendered":"https:\/\/radiostudiow.com.br\/site\/?p=2485"},"modified":"2025-01-15T11:49:43","modified_gmt":"2025-01-15T14:49:43","slug":"homem-morre-ao-ser-atropelado-em-irati-por-motorista-embriado","status":"publish","type":"post","link":"https:\/\/radiostudiow.com.br\/site\/2021\/06\/17\/homem-morre-ao-ser-atropelado-em-irati-por-motorista-embriado\/","title":{"rendered":"HOMEM MORRE AO SER ATROPELADO EM IRATI POR MOTORISTA EMBRIAGADO"},"content":{"rendered":"\n<p>Em Irati, na madrugada desta quinta-feira, 17 de junho, por volta das 04:30 horas uma pessoa foi atropelada por um ve\u00edculo pr\u00f3ximo a linha do trem, no bairro Canisianas. A v\u00edtima morreu no local. O motorista do ve\u00edculo envolvido na colis\u00e3o, de 22 anos, havia ingerido bebida alco\u00f3lica, segundo a Pol\u00edcia Militar.<\/p>\n\n\n\n<p>Pessoas tentaram reanimar o homem que foi atropelado e o Corpo de Bombeiros foi acionado. No local, os policiais verificaram que o motorista conduzia um Ford Ka pela Rua Antonio Budel, sentido bairro \u2013 centro, quando ao se aproximar da linha f\u00e9rrea atropelou o pedestre, que tinha 34 anos.<\/p>\n\n\n\n<p>A situa\u00e7\u00e3o foi repassada \u00e0 Pol\u00edcia Civil, que acionou o IML e Criminal\u00edstica, que estiveram no local.<\/p>\n\n\n\n<p>O condutor n\u00e3o possui carteira de habilita\u00e7\u00e3o e ao fazer o teste do etil\u00f4metro apontou 0,64 MG\/L, indicando consumo de bebida alco\u00f3lica, caracterizando crime de tr\u00e2nsito. Ele foi encaminhado ao Pronto Atendimento, onde foi medicado e passou por exames para elabora\u00e7\u00e3o de laudo de les\u00f5es corporais e na sequ\u00eancia foi encaminhado \u00e0 Delegacia de Pol\u00edcia Civil.<\/p>\n\n\n\n<p>O ve\u00edculo, com d\u00e9bitos pendentes, foi recolhido ao p\u00e1tio da 8\u00aa CIPM. Quando a equipe chegou ao local, ele havia sido retirado de onde ocorreu o acidente, e estava estacionado na Rua Anast\u00e1cio Doniak Galicioli.<\/p>\n\n\n\n<p>Segundo os policiais, quando chegaram para atender a situa\u00e7\u00e3o viram o condutor tentando reanimar a v\u00edtima.<\/p>\n\n\n\n<figure class=\"wp-block-image size-large\"><img decoding=\"async\" src=\"https:\/\/radiostudiow.com.br\/site\/wp-content\/uploads\/2021\/02\/SICREDI.jpg\" alt=\"\" class=\"wp-image-682\"\/><\/figure>\n","protected":false},"excerpt":{"rendered":"<p>Em Irati, na madrugada desta quinta-feira, 17 de junho, por volta das 04:30 horas uma pessoa foi atropelada por um ve\u00edculo pr\u00f3ximo a linha do trem, no bairro Canisianas. A v\u00edtima morreu no local. O motorista do ve\u00edculo envolvido na colis\u00e3o, de 22 anos, havia ingerido bebida alco\u00f3lica, segundo a Pol\u00edcia Militar. Pessoas tentaram reanimar [&hellip;]<\/p>\n","protected":false},"author":2,"featured_media":0,"comment_status":"open","ping_status":"open","sticky":false,"template":"","format":"standard","meta":{"footnotes":""},"categories":[2],"tags":[172],"class_list":["post-2485","post","type-post","status-publish","format-standard","hentry","category-policial","tag-featured"],"amp_enabled":true,"_links":{"self":[{"href":"https:\/\/radiostudiow.com.br\/site\/wp-json\/wp\/v2\/posts\/2485","targetHints":{"allow":["GET"]}}],"collection":[{"href":"https:\/\/radiostudiow.com.br\/site\/wp-json\/wp\/v2\/posts"}],"about":[{"href":"https:\/\/radiostudiow.com.br\/site\/wp-json\/wp\/v2\/types\/post"}],"author":[{"embeddable":true,"href":"https:\/\/radiostudiow.com.br\/site\/wp-json\/wp\/v2\/users\/2"}],"replies":[{"embeddable":true,"href":"https:\/\/radiostudiow.com.br\/site\/wp-json\/wp\/v2\/comments?post=2485"}],"version-history":[{"count":2,"href":"https:\/\/radiostudiow.com.br\/site\/wp-json\/wp\/v2\/posts\/2485\/revisions"}],"predecessor-version":[{"id":2489,"href":"https:\/\/radiostudiow.com.br\/site\/wp-json\/wp\/v2\/posts\/2485\/revisions\/2489"}],"wp:attachment":[{"href":"https:\/\/radiostudiow.com.br\/site\/wp-json\/wp\/v2\/media?parent=2485"}],"wp:term":[{"taxonomy":"category","embeddable":true,"href":"https:\/\/radiostudiow.com.br\/site\/wp-json\/wp\/v2\/categories?post=2485"},{"taxonomy":"post_tag","embeddable":true,"href":"https:\/\/radiostudiow.com.br\/site\/wp-json\/wp\/v2\/tags?post=2485"}],"curies":[{"name":"wp","href":"https:\/\/api.w.org\/{rel}","templated":true}]}}