{"id":24861,"date":"2024-07-17T21:08:08","date_gmt":"2024-07-18T00:08:08","guid":{"rendered":"https:\/\/radiostudiow.com.br\/site\/?p=24861"},"modified":"2025-01-31T14:59:07","modified_gmt":"2025-01-31T17:59:07","slug":"secretaria-da-saude-confirma-mais-13-049-casos-e-23-obitos-por-dengue-no-parana","status":"publish","type":"post","link":"https:\/\/radiostudiow.com.br\/site\/2024\/07\/17\/secretaria-da-saude-confirma-mais-13-049-casos-e-23-obitos-por-dengue-no-parana\/","title":{"rendered":"Secretaria da Sa\u00fade confirma mais 13.049 casos e 23 \u00f3bitos por dengue no Paran\u00e1"},"content":{"rendered":"\n<p>A secretaria estadual da Sa\u00fade (Sesa) divulgou nesta ter\u00e7a-feira (16) o novo boletim semanal da dengue. O Paran\u00e1 registrou mais 13.049 casos da doen\u00e7a e 23 \u00f3bitos. Ao todo, desde o in\u00edcio deste per\u00edodo epidemiol\u00f3gico, em julho de 2023, o Estado contabiliza 923.997 notifica\u00e7\u00f5es, 578.706 casos e 549 mortes em decorr\u00eancia da dengue.<\/p>\n\n\n\n<figure class=\"wp-block-image size-large is-resized\"><img decoding=\"async\" src=\"https:\/\/radiostudiow.com.br\/site\/wp-content\/uploads\/2024\/05\/LABIRATI-1024x1024.png\" alt=\"\" class=\"wp-image-22265\" style=\"width:488px;height:auto\"\/><\/figure>\n\n\n\n<p>Os 23 novos \u00f3bitos ocorreram entre 10 de novembro de 2023 e 25 de junho deste ano. S\u00e3o 10 homens e 13 mulheres com idades entre 13 e 93 anos. As mortes foram registradas em Curitiba, Ponta Grossa, Eneas Marques, Francisco Beltr\u00e3o (2), Marmeleiro (2), Cascavel (4), Diamante do Sul, Ivat\u00e9, Mariluz, S\u00e3o Jorge do Patroc\u00ednio, S\u00e3o Carlos do Iva\u00ed, Apucarana (2), Sapopema, Marip\u00e1, Toledo (2) e Kalor\u00e9.<\/p>\n\n\n\n<p>A Regional de Sa\u00fade de Londrina possui mais casos confirmados em n\u00fameros absolutos, com 76.615 diagn\u00f3sticos, seguida pelas regionais de Cascavel, com 67.205, e de Francisco Beltr\u00e3o, com 60.847. Os tr\u00eas munic\u00edpios que mais contabilizam casos s\u00e3o Londrina (39.295), Cascavel (32.207) e Maring\u00e1 (23.041).<\/p>\n\n\n\n<p>Em rela\u00e7\u00e3o aos \u00f3bitos, a Regional de Sa\u00fade de Londrina registra o maior n\u00famero, com o falecimento de 95 pessoas. Depois v\u00eam as regionais de Cascavel, com 80 mortes, e de Francisco Beltr\u00e3o, com 76.<\/p>\n","protected":false},"excerpt":{"rendered":"<p>A secretaria estadual da Sa\u00fade (Sesa) divulgou nesta ter\u00e7a-feira (16) o novo boletim semanal da dengue. O Paran\u00e1 registrou mais 13.049 casos da doen\u00e7a e 23 \u00f3bitos. Ao todo, desde o in\u00edcio deste per\u00edodo epidemiol\u00f3gico, em julho de 2023, o Estado contabiliza 923.997 notifica\u00e7\u00f5es, 578.706 casos e 549 mortes em decorr\u00eancia da dengue. Os 23 [&hellip;]<\/p>\n","protected":false},"author":2,"featured_media":23432,"comment_status":"open","ping_status":"open","sticky":false,"template":"","format":"standard","meta":{"footnotes":""},"categories":[182],"tags":[172],"class_list":["post-24861","post","type-post","status-publish","format-standard","has-post-thumbnail","hentry","category-saude","tag-featured"],"amp_enabled":true,"_links":{"self":[{"href":"https:\/\/radiostudiow.com.br\/site\/wp-json\/wp\/v2\/posts\/24861","targetHints":{"allow":["GET"]}}],"collection":[{"href":"https:\/\/radiostudiow.com.br\/site\/wp-json\/wp\/v2\/posts"}],"about":[{"href":"https:\/\/radiostudiow.com.br\/site\/wp-json\/wp\/v2\/types\/post"}],"author":[{"embeddable":true,"href":"https:\/\/radiostudiow.com.br\/site\/wp-json\/wp\/v2\/users\/2"}],"replies":[{"embeddable":true,"href":"https:\/\/radiostudiow.com.br\/site\/wp-json\/wp\/v2\/comments?post=24861"}],"version-history":[{"count":2,"href":"https:\/\/radiostudiow.com.br\/site\/wp-json\/wp\/v2\/posts\/24861\/revisions"}],"predecessor-version":[{"id":24874,"href":"https:\/\/radiostudiow.com.br\/site\/wp-json\/wp\/v2\/posts\/24861\/revisions\/24874"}],"wp:featuredmedia":[{"embeddable":true,"href":"https:\/\/radiostudiow.com.br\/site\/wp-json\/wp\/v2\/media\/23432"}],"wp:attachment":[{"href":"https:\/\/radiostudiow.com.br\/site\/wp-json\/wp\/v2\/media?parent=24861"}],"wp:term":[{"taxonomy":"category","embeddable":true,"href":"https:\/\/radiostudiow.com.br\/site\/wp-json\/wp\/v2\/categories?post=24861"},{"taxonomy":"post_tag","embeddable":true,"href":"https:\/\/radiostudiow.com.br\/site\/wp-json\/wp\/v2\/tags?post=24861"}],"curies":[{"name":"wp","href":"https:\/\/api.w.org\/{rel}","templated":true}]}}