{"id":24895,"date":"2024-07-18T11:37:40","date_gmt":"2024-07-18T14:37:40","guid":{"rendered":"https:\/\/radiostudiow.com.br\/site\/?p=24895"},"modified":"2025-01-31T14:59:07","modified_gmt":"2025-01-31T17:59:07","slug":"parana-ja-tem-1-521-obitos-por-gripe-e-pneumonia-em-2024","status":"publish","type":"post","link":"https:\/\/radiostudiow.com.br\/site\/2024\/07\/18\/parana-ja-tem-1-521-obitos-por-gripe-e-pneumonia-em-2024\/","title":{"rendered":"Paran\u00e1 j\u00e1 tem 1.521 \u00f3bitos por gripe e pneumonia em 2024"},"content":{"rendered":"\n<p>Vacina\u00e7\u00e3o \u00e9 a forma mais eficaz de evitar o agravamento da doen\u00e7a e os \u00f3bitos. Nesta \u00e9poca do ano, aumenta a circula\u00e7\u00e3o dos v\u00edrus influenza, causador da gripe, e tamb\u00e9m a incid\u00eancia de pneumonia.<\/p>\n\n\n\n<p>O Paran\u00e1 tem enfrentado um aumento significativo nos casos de gripe e pneumonia nos \u00faltimos tr\u00eas meses, com agravamento de casos que preocupam a popula\u00e7\u00e3o e as autoridades de sa\u00fade. S\u00f3 de gripe (influenza) o Paran\u00e1 teve, de janeiro a abril, 9.950 internamentos e 1.521 \u00f3bitos. E at\u00e9 maio, foram 84.639 atendimentos em Unidades B\u00e1sicas de Sa\u00fade. Por conta disso, as secretarias de sa\u00fade e profissionais da \u00e1rea refor\u00e7am que a vacina\u00e7\u00e3o \u00e9 a principal forma de preven\u00e7\u00e3o ao agravamento do quadro e dos \u00f3bitos.<\/p>\n\n\n\n<figure class=\"wp-block-image size-full\"><img loading=\"lazy\" decoding=\"async\" width=\"598\" height=\"204\" src=\"https:\/\/radiostudiow.com.br\/site\/wp-content\/uploads\/2024\/04\/image-29.png\" alt=\"\" class=\"wp-image-21283\" srcset=\"https:\/\/radiostudiow.com.br\/site\/wp-content\/uploads\/2024\/04\/image-29.png 598w, https:\/\/radiostudiow.com.br\/site\/wp-content\/uploads\/2024\/04\/image-29-300x102.png 300w\" sizes=\"auto, (max-width: 598px) 100vw, 598px\" \/><\/figure>\n\n\n\n<p><em><strong>O pneumologista do Eco Medical Center, Dr. Rafael Klas, destaca os riscos da doen\u00e7a: \u201cA gripe \u00e9 uma infec\u00e7\u00e3o viral que pode ser potencialmente grave, levando a \u00f3bito. Pessoas idosas e com doen\u00e7as cr\u00f4nicas s\u00e3o as mais suscet\u00edveis. A vacina\u00e7\u00e3o \u00e9 a principal forma de preven\u00e7\u00e3o\u201d.<\/strong><\/em><\/p>\n\n\n\n<h2 class=\"wp-block-heading\">O que \u00e9 a gripe e a pneumonia<\/h2>\n\n\n\n<p>A gripe \u00e9 uma infec\u00e7\u00e3o viral que provoca febre alta, dor de cabe\u00e7a, dor no corpo, dor de garganta e prostra\u00e7\u00e3o. A doen\u00e7a \u00e9 subestimada por muitos, por\u00e9m leva as autoridades de sa\u00fade a alertar sobre a import\u00e2ncia da vacina\u00e7\u00e3o. A transmiss\u00e3o ocorre mais facilmente em ambientes fechados e aglomerados, comuns no inverno.O pneumologista ainda conta que h\u00e1 medica\u00e7\u00e3o espec\u00edfica para o v\u00edrus influenza, causador da gripe. No entanto, ela \u00e9 mais eficaz se administrada nos primeiros dias de sintomas.<strong><em> \u201cA orienta\u00e7\u00e3o \u00e9 que se a pessoa apresentar sintomas gripais como febre, dor de garganta, dor no corpo, procure o seu m\u00e9dico para uma diagn\u00f3stico e in\u00edcio do tratamento rapidamente. N\u00e3o use medica\u00e7\u00f5es por conta pr\u00f3pria, porque isso pode atrasar o diagn\u00f3stico. E acima de tudo, vacine-se, para prevenir quadros graves da doen\u00e7a\u201d, ensina o m\u00e9dico.<\/em><\/strong><\/p>\n\n\n\n<p>J\u00e1 a pneumonia \u00e9 geralmente causada por bact\u00e9rias. A gripe reduz as defesas do corpo e pode favorecer o desenvolvimento delas nas vias respirat\u00f3rias e que podem se acumular no pulm\u00e3o. A doen\u00e7a \u00e9 tratada com antibi\u00f3ticos e a piora de um quadro de pneumonia pode levar o paciente a \u00f3bito.<\/p>\n\n\n<div class=\"wp-block-image\">\n<figure class=\"aligncenter\"><img decoding=\"async\" src=\"https:\/\/canal4.tv.br\/wp-content\/uploads\/2024\/07\/handlercavinasss-e1721312183476.jpeg\" alt=\"\" class=\"wp-image-59311\"\/><\/figure>\n<\/div>\n\n\n<p><strong>Vacina\u00e7\u00e3o gripe e pneumonia<\/strong><\/p>\n\n\n\n<p>A vacina contra a gripe est\u00e1 dispon\u00edvel no sistema p\u00fablico e privado de sa\u00fade para pessoas acima de seis meses de idade. Mas a ades\u00e3o ainda \u00e9 baixa.<strong><em> \u201cInfelizmente, a cobertura vacinal no nosso pa\u00eds tem sido baixa, atingindo menos de 50% da popula\u00e7\u00e3o este ano. A vacina\u00e7\u00e3o \u00e9 essencial para prevenir a doen\u00e7a e suas complica\u00e7\u00f5es\u201d, enfatiza o Dr. Rafael.<\/em><\/strong><\/p>\n\n\n\n<figure class=\"wp-block-image size-full\"><img loading=\"lazy\" decoding=\"async\" width=\"900\" height=\"408\" src=\"https:\/\/radiostudiow.com.br\/site\/wp-content\/uploads\/2024\/04\/image-21.png\" alt=\"\" class=\"wp-image-21214\" srcset=\"https:\/\/radiostudiow.com.br\/site\/wp-content\/uploads\/2024\/04\/image-21.png 900w, https:\/\/radiostudiow.com.br\/site\/wp-content\/uploads\/2024\/04\/image-21-300x136.png 300w, https:\/\/radiostudiow.com.br\/site\/wp-content\/uploads\/2024\/04\/image-21-768x348.png 768w\" sizes=\"auto, (max-width: 900px) 100vw, 900px\" \/><\/figure>\n\n\n\n<p>Segundo o Minist\u00e9rio da Sa\u00fade, das 4.387.469 pessoas que est\u00e3o eleg\u00edveis para a vacina\u00e7\u00e3o no Estado, menos da metade buscou os postos de sa\u00fade. Ou seja, a cobertura vacinal de gripe no Paran\u00e1 est\u00e1 em menos de 40%.<\/p>\n\n\n\n<p>J\u00e1 a vacina contra a pneumonia, no SUS, \u00e9 restrita a alguns p\u00fablicos, como crian\u00e7as pequenas e pessoas imunossuprimidas. Na rede privada, est\u00e1 dispon\u00edvel a todas as idades.<\/p>\n\n\n\n<p><em>Fonte: Ag\u00eancia Comunicore | Assessoria Eco Medical Centar<\/em><\/p>\n\n\n\n<p><a href=\"https:\/\/www.facebook.com\/sharer.php?u=https%3A%2F%2Fcanal4.tv.br%2F2024%2F07%2F18%2Fparana-ja-tem-1-521-obitos-por-gripe-e-pneumonia-em-2024%2F%3Ffbclid%3DIwZXh0bgNhZW0CMTEAAR2oCWa1v6aodoCTnuzZY82z-FnZtu9n8wXQ9Os9b-SzYmUwDgz9bhz4xb4_aem_d6yFephk0FJpfQdUwRkw2Q\" target=\"_blank\" rel=\"noreferrer noopener\"><\/a><\/p>\n\n\n\n<p><a href=\"https:\/\/web.whatsapp.com\/send?text=Paran%C3%A1%20j%C3%A1%20tem%201.521%20%C3%B3bitos%20por%20gripe%20e%20pneumonia%20em%202024%20%E2%98%9B%20https%3A%2F%2Fcanal4.tv.br%2F2024%2F07%2F18%2Fparana-ja-tem-1-521-obitos-por-gripe-e-pneumonia-em-2024%2F%3Ffbclid%3DIwZXh0bgNhZW0CMTEAAR2oCWa1v6aodoCTnuzZY82z-FnZtu9n8wXQ9Os9b-SzYmUwDgz9bhz4xb4_aem_d6yFephk0FJpfQdUwRkw2Q\" target=\"_blank\" rel=\"noreferrer noopener\"><\/a><\/p>\n\n\n\n<p><a href=\"javascript:void(0);\"><\/a><\/p>\n","protected":false},"excerpt":{"rendered":"<p>Vacina\u00e7\u00e3o \u00e9 a forma mais eficaz de evitar o agravamento da doen\u00e7a e os \u00f3bitos. Nesta \u00e9poca do ano, aumenta a circula\u00e7\u00e3o dos v\u00edrus influenza, causador da gripe, e tamb\u00e9m a incid\u00eancia de pneumonia. O Paran\u00e1 tem enfrentado um aumento significativo nos casos de gripe e pneumonia nos \u00faltimos tr\u00eas meses, com agravamento de casos [&hellip;]<\/p>\n","protected":false},"author":2,"featured_media":24896,"comment_status":"open","ping_status":"open","sticky":false,"template":"","format":"standard","meta":{"footnotes":""},"categories":[7],"tags":[172],"class_list":["post-24895","post","type-post","status-publish","format-standard","has-post-thumbnail","hentry","category-geral","tag-featured"],"amp_enabled":true,"_links":{"self":[{"href":"https:\/\/radiostudiow.com.br\/site\/wp-json\/wp\/v2\/posts\/24895","targetHints":{"allow":["GET"]}}],"collection":[{"href":"https:\/\/radiostudiow.com.br\/site\/wp-json\/wp\/v2\/posts"}],"about":[{"href":"https:\/\/radiostudiow.com.br\/site\/wp-json\/wp\/v2\/types\/post"}],"author":[{"embeddable":true,"href":"https:\/\/radiostudiow.com.br\/site\/wp-json\/wp\/v2\/users\/2"}],"replies":[{"embeddable":true,"href":"https:\/\/radiostudiow.com.br\/site\/wp-json\/wp\/v2\/comments?post=24895"}],"version-history":[{"count":1,"href":"https:\/\/radiostudiow.com.br\/site\/wp-json\/wp\/v2\/posts\/24895\/revisions"}],"predecessor-version":[{"id":24897,"href":"https:\/\/radiostudiow.com.br\/site\/wp-json\/wp\/v2\/posts\/24895\/revisions\/24897"}],"wp:featuredmedia":[{"embeddable":true,"href":"https:\/\/radiostudiow.com.br\/site\/wp-json\/wp\/v2\/media\/24896"}],"wp:attachment":[{"href":"https:\/\/radiostudiow.com.br\/site\/wp-json\/wp\/v2\/media?parent=24895"}],"wp:term":[{"taxonomy":"category","embeddable":true,"href":"https:\/\/radiostudiow.com.br\/site\/wp-json\/wp\/v2\/categories?post=24895"},{"taxonomy":"post_tag","embeddable":true,"href":"https:\/\/radiostudiow.com.br\/site\/wp-json\/wp\/v2\/tags?post=24895"}],"curies":[{"name":"wp","href":"https:\/\/api.w.org\/{rel}","templated":true}]}}