{"id":24905,"date":"2024-07-18T17:01:04","date_gmt":"2024-07-18T20:01:04","guid":{"rendered":"https:\/\/radiostudiow.com.br\/site\/?p=24905"},"modified":"2025-01-31T14:59:07","modified_gmt":"2025-01-31T17:59:07","slug":"organizacao-criminosa-ligada-ao-trafico-de-drogas-e-alvo-de-operacao-no-parana","status":"publish","type":"post","link":"https:\/\/radiostudiow.com.br\/site\/2024\/07\/18\/organizacao-criminosa-ligada-ao-trafico-de-drogas-e-alvo-de-operacao-no-parana\/","title":{"rendered":"Organiza\u00e7\u00e3o criminosa ligada ao tr\u00e1fico de drogas \u00e9 alvo de opera\u00e7\u00e3o no Paran\u00e1"},"content":{"rendered":"\n<p><strong>Organiza\u00e7\u00e3o criminosa ligada ao tr\u00e1fico de drogas \u00e9 alvo de opera\u00e7\u00e3o no Paran\u00e1<\/strong><\/p>\n\n\n\n<p>A Pol\u00edcia Civil do Paran\u00e1, em conjunto com a Pol\u00edcia Militar, cumpriram na manh\u00e3 desta quinta-feira (18),&nbsp;65 mandados judiciais contra uma organiza\u00e7\u00e3o criminosa ligada ao tr\u00e1fico de drogas.<\/p>\n\n\n\n<figure class=\"wp-block-image size-large is-resized\"><img decoding=\"async\" src=\"https:\/\/radiostudiow.com.br\/site\/wp-content\/uploads\/2024\/05\/86140-nacional-tv-coops-comunicacao-interna-pos-campanha-de-educacao-financeira-2024-1-1024x576.png\" alt=\"\" class=\"wp-image-23087\" style=\"width:565px;height:auto\"\/><\/figure>\n\n\n\n<p>Entre os mandados est\u00e3o 25 de pris\u00e3o e 40 de busca e apreens\u00e3o. A a\u00e7\u00e3o acontece simultaneamente em Palmeira, nos Campos Gerais; em Curitiba; S\u00e3o Jos\u00e9 dos Pinhais, regi\u00e3o metropolitana; e Matinhos, no litoral do Estado.<\/p>\n\n\n\n<p>Os crimes investigados incluem&nbsp;organiza\u00e7\u00e3o criminosa, associa\u00e7\u00e3o para o tr\u00e1fico, tr\u00e1fico de drogas, estelionato, roubo majorado e furto qualificado.<\/p>\n\n\n\n<p>A opera\u00e7\u00e3o, diz a Pol\u00edcia Civil, \u00e9 resultado de uma investiga\u00e7\u00e3o de alta complexidade, iniciada em 2023, que visa reprimir o tr\u00e1fico e suas ramifica\u00e7\u00f5es.<\/p>\n\n\n\n<p>At\u00e9 as 08:30 horas n\u00e3o havia informa\u00e7\u00f5es sobre quantas pessoas foram presas na a\u00e7\u00e3o.<\/p>\n","protected":false},"excerpt":{"rendered":"<p>Organiza\u00e7\u00e3o criminosa ligada ao tr\u00e1fico de drogas \u00e9 alvo de opera\u00e7\u00e3o no Paran\u00e1 A Pol\u00edcia Civil do Paran\u00e1, em conjunto com a Pol\u00edcia Militar, cumpriram na manh\u00e3 desta quinta-feira (18),&nbsp;65 mandados judiciais contra uma organiza\u00e7\u00e3o criminosa ligada ao tr\u00e1fico de drogas. Entre os mandados est\u00e3o 25 de pris\u00e3o e 40 de busca e apreens\u00e3o. A [&hellip;]<\/p>\n","protected":false},"author":2,"featured_media":24906,"comment_status":"open","ping_status":"open","sticky":false,"template":"","format":"standard","meta":{"footnotes":""},"categories":[7],"tags":[],"class_list":["post-24905","post","type-post","status-publish","format-standard","has-post-thumbnail","hentry","category-geral"],"amp_enabled":true,"_links":{"self":[{"href":"https:\/\/radiostudiow.com.br\/site\/wp-json\/wp\/v2\/posts\/24905","targetHints":{"allow":["GET"]}}],"collection":[{"href":"https:\/\/radiostudiow.com.br\/site\/wp-json\/wp\/v2\/posts"}],"about":[{"href":"https:\/\/radiostudiow.com.br\/site\/wp-json\/wp\/v2\/types\/post"}],"author":[{"embeddable":true,"href":"https:\/\/radiostudiow.com.br\/site\/wp-json\/wp\/v2\/users\/2"}],"replies":[{"embeddable":true,"href":"https:\/\/radiostudiow.com.br\/site\/wp-json\/wp\/v2\/comments?post=24905"}],"version-history":[{"count":3,"href":"https:\/\/radiostudiow.com.br\/site\/wp-json\/wp\/v2\/posts\/24905\/revisions"}],"predecessor-version":[{"id":24922,"href":"https:\/\/radiostudiow.com.br\/site\/wp-json\/wp\/v2\/posts\/24905\/revisions\/24922"}],"wp:featuredmedia":[{"embeddable":true,"href":"https:\/\/radiostudiow.com.br\/site\/wp-json\/wp\/v2\/media\/24906"}],"wp:attachment":[{"href":"https:\/\/radiostudiow.com.br\/site\/wp-json\/wp\/v2\/media?parent=24905"}],"wp:term":[{"taxonomy":"category","embeddable":true,"href":"https:\/\/radiostudiow.com.br\/site\/wp-json\/wp\/v2\/categories?post=24905"},{"taxonomy":"post_tag","embeddable":true,"href":"https:\/\/radiostudiow.com.br\/site\/wp-json\/wp\/v2\/tags?post=24905"}],"curies":[{"name":"wp","href":"https:\/\/api.w.org\/{rel}","templated":true}]}}