{"id":25011,"date":"2024-07-20T08:46:55","date_gmt":"2024-07-20T11:46:55","guid":{"rendered":"https:\/\/radiostudiow.com.br\/site\/?p=25011"},"modified":"2025-01-31T14:59:06","modified_gmt":"2025-01-31T17:59:06","slug":"acidente-de-ultrapassagem-proibida-resulta-em-colisao-frontal-na-br-153-em-imbituva","status":"publish","type":"post","link":"https:\/\/radiostudiow.com.br\/site\/2024\/07\/20\/acidente-de-ultrapassagem-proibida-resulta-em-colisao-frontal-na-br-153-em-imbituva\/","title":{"rendered":"Acidente de ultrapassagem proibida resulta em colis\u00e3o frontal na BR 153 em Imbituva"},"content":{"rendered":"\n<p>Um acidente do tipo colis\u00e3o frontal foi registrado no km 3 da BR 153, munic\u00edpio de Imbituva, envolvendo um Fiat\/Pr\u00eamio de Imbituva e um caminh\u00e3o Mercedes Benz emplacado em Tel\u00eamaco Borba na manh\u00e3 desta sexta-feira (19).<\/p>\n\n\n\n<figure class=\"wp-block-image size-full\"><img loading=\"lazy\" decoding=\"async\" width=\"897\" height=\"204\" src=\"https:\/\/radiostudiow.com.br\/site\/wp-content\/uploads\/2024\/04\/image-37.png\" alt=\"\" class=\"wp-image-21305\" srcset=\"https:\/\/radiostudiow.com.br\/site\/wp-content\/uploads\/2024\/04\/image-37.png 897w, https:\/\/radiostudiow.com.br\/site\/wp-content\/uploads\/2024\/04\/image-37-300x68.png 300w, https:\/\/radiostudiow.com.br\/site\/wp-content\/uploads\/2024\/04\/image-37-768x175.png 768w\" sizes=\"auto, (max-width: 897px) 100vw, 897px\" \/><\/figure>\n\n\n\n<p>De acordo com levantamentos no local do acidente, o condutor do Fiat realizava uma ultrapassagem em local proibido e sob forte neblina quando colidiu no caminh\u00e3o que deslocava sentido Imbituva.<\/p>\n\n\n\n<p>O condutor do Fiat fugiu. Ve\u00edculo foi removido ao p\u00e1tio da PRF em Ponta Grossa.<\/p>\n\n\n\n<p>O condutor do Mercedes permaneceu no local e realizou o teste de etil\u00f4metro com resultado negativo para a ingest\u00e3o de \u00e1lcool.<\/p>\n","protected":false},"excerpt":{"rendered":"<p>Um acidente do tipo colis\u00e3o frontal foi registrado no km 3 da BR 153, munic\u00edpio de Imbituva, envolvendo um Fiat\/Pr\u00eamio de Imbituva e um caminh\u00e3o Mercedes Benz emplacado em Tel\u00eamaco Borba na manh\u00e3 desta sexta-feira (19). De acordo com levantamentos no local do acidente, o condutor do Fiat realizava uma ultrapassagem em local proibido e [&hellip;]<\/p>\n","protected":false},"author":2,"featured_media":25013,"comment_status":"open","ping_status":"open","sticky":false,"template":"","format":"standard","meta":{"footnotes":""},"categories":[185],"tags":[172],"class_list":["post-25011","post","type-post","status-publish","format-standard","has-post-thumbnail","hentry","category-regional","tag-featured"],"amp_enabled":true,"_links":{"self":[{"href":"https:\/\/radiostudiow.com.br\/site\/wp-json\/wp\/v2\/posts\/25011","targetHints":{"allow":["GET"]}}],"collection":[{"href":"https:\/\/radiostudiow.com.br\/site\/wp-json\/wp\/v2\/posts"}],"about":[{"href":"https:\/\/radiostudiow.com.br\/site\/wp-json\/wp\/v2\/types\/post"}],"author":[{"embeddable":true,"href":"https:\/\/radiostudiow.com.br\/site\/wp-json\/wp\/v2\/users\/2"}],"replies":[{"embeddable":true,"href":"https:\/\/radiostudiow.com.br\/site\/wp-json\/wp\/v2\/comments?post=25011"}],"version-history":[{"count":2,"href":"https:\/\/radiostudiow.com.br\/site\/wp-json\/wp\/v2\/posts\/25011\/revisions"}],"predecessor-version":[{"id":25042,"href":"https:\/\/radiostudiow.com.br\/site\/wp-json\/wp\/v2\/posts\/25011\/revisions\/25042"}],"wp:featuredmedia":[{"embeddable":true,"href":"https:\/\/radiostudiow.com.br\/site\/wp-json\/wp\/v2\/media\/25013"}],"wp:attachment":[{"href":"https:\/\/radiostudiow.com.br\/site\/wp-json\/wp\/v2\/media?parent=25011"}],"wp:term":[{"taxonomy":"category","embeddable":true,"href":"https:\/\/radiostudiow.com.br\/site\/wp-json\/wp\/v2\/categories?post=25011"},{"taxonomy":"post_tag","embeddable":true,"href":"https:\/\/radiostudiow.com.br\/site\/wp-json\/wp\/v2\/tags?post=25011"}],"curies":[{"name":"wp","href":"https:\/\/api.w.org\/{rel}","templated":true}]}}