{"id":25025,"date":"2024-07-19T18:15:24","date_gmt":"2024-07-19T21:15:24","guid":{"rendered":"https:\/\/radiostudiow.com.br\/site\/?p=25025"},"modified":"2025-01-31T14:59:06","modified_gmt":"2025-01-31T17:59:06","slug":"vitima-fatal-de-grave-acidente-em-sao-mateus-do-sul-e-identificada","status":"publish","type":"post","link":"https:\/\/radiostudiow.com.br\/site\/2024\/07\/19\/vitima-fatal-de-grave-acidente-em-sao-mateus-do-sul-e-identificada\/","title":{"rendered":"V\u00edtima fatal de grave acidente em S\u00e3o Mateus do Sul \u00e9 identificada"},"content":{"rendered":"\n<p>Foi identificada como\u00a0Juliana Lima, de 39 anos, a v\u00edtima fatal de um grave acidente de tr\u00e2nsito na madrugada desta sexta-feira, 19 de julho, na PR-151, regi\u00e3o da Divisa em S\u00e3o Mateus do Sul.<\/p>\n\n\n\n<figure class=\"wp-block-image size-full\"><img decoding=\"async\" src=\"https:\/\/radiostudiow.com.br\/site\/wp-content\/uploads\/2024\/04\/image-42.png\" alt=\"\" class=\"wp-image-21334\"\/><\/figure>\n\n\n\n<p>Ela estava em um ve\u00edculo Strada Working Cd, com placas de S\u00e3o Mateus do Sul, quando o ve\u00edculo saiu da pista de rolamento. Corpo de Bombeiros, Samu e Pol\u00edcia Rodovi\u00e1ria Estadual foram acionados, bem como o Instituto M\u00e9dico Legal (IML), de Uni\u00e3o da Vit\u00f3ria.<\/p>\n\n\n\n<p>Juliana era esposa de Valmor Nizer e deixa um filho de 19 anos.\u00a0Eles eram moradores da \u00c1gua Suja, interior de S\u00e3o Mateus do Sul.<\/p>\n\n\n\n<figure class=\"wp-block-embed is-type-wp-embed is-provider-studio-w wp-block-embed-studio-w\"><div class=\"wp-block-embed__wrapper\">\n<blockquote class=\"wp-embedded-content\" data-secret=\"hljPGGjxEm\"><a href=\"https:\/\/radiostudiow.com.br\/site\/2024\/07\/19\/mulher-morre-apos-grave-acidente-em-sao-mateus-do-sul\/\">Mulher morre ap\u00f3s grave acidente em S\u00e3o Mateus do Sul<\/a><\/blockquote><iframe loading=\"lazy\" class=\"wp-embedded-content\" sandbox=\"allow-scripts\" security=\"restricted\" style=\"position: absolute; visibility: hidden;\" title=\"&#8220;Mulher morre ap\u00f3s grave acidente em S\u00e3o Mateus do Sul&#8221; &#8212; Studio W\" src=\"https:\/\/radiostudiow.com.br\/site\/2024\/07\/19\/mulher-morre-apos-grave-acidente-em-sao-mateus-do-sul\/embed\/#?secret=GxafZIvV2c#?secret=hljPGGjxEm\" data-secret=\"hljPGGjxEm\" width=\"600\" height=\"338\" frameborder=\"0\" marginwidth=\"0\" marginheight=\"0\" scrolling=\"no\"><\/iframe>\n<\/div><\/figure>\n","protected":false},"excerpt":{"rendered":"<p>Foi identificada como\u00a0Juliana Lima, de 39 anos, a v\u00edtima fatal de um grave acidente de tr\u00e2nsito na madrugada desta sexta-feira, 19 de julho, na PR-151, regi\u00e3o da Divisa em S\u00e3o Mateus do Sul. Ela estava em um ve\u00edculo Strada Working Cd, com placas de S\u00e3o Mateus do Sul, quando o ve\u00edculo saiu da pista de [&hellip;]<\/p>\n","protected":false},"author":2,"featured_media":25026,"comment_status":"open","ping_status":"open","sticky":false,"template":"","format":"standard","meta":{"footnotes":""},"categories":[185],"tags":[172],"class_list":["post-25025","post","type-post","status-publish","format-standard","has-post-thumbnail","hentry","category-regional","tag-featured"],"amp_enabled":true,"_links":{"self":[{"href":"https:\/\/radiostudiow.com.br\/site\/wp-json\/wp\/v2\/posts\/25025","targetHints":{"allow":["GET"]}}],"collection":[{"href":"https:\/\/radiostudiow.com.br\/site\/wp-json\/wp\/v2\/posts"}],"about":[{"href":"https:\/\/radiostudiow.com.br\/site\/wp-json\/wp\/v2\/types\/post"}],"author":[{"embeddable":true,"href":"https:\/\/radiostudiow.com.br\/site\/wp-json\/wp\/v2\/users\/2"}],"replies":[{"embeddable":true,"href":"https:\/\/radiostudiow.com.br\/site\/wp-json\/wp\/v2\/comments?post=25025"}],"version-history":[{"count":1,"href":"https:\/\/radiostudiow.com.br\/site\/wp-json\/wp\/v2\/posts\/25025\/revisions"}],"predecessor-version":[{"id":25027,"href":"https:\/\/radiostudiow.com.br\/site\/wp-json\/wp\/v2\/posts\/25025\/revisions\/25027"}],"wp:featuredmedia":[{"embeddable":true,"href":"https:\/\/radiostudiow.com.br\/site\/wp-json\/wp\/v2\/media\/25026"}],"wp:attachment":[{"href":"https:\/\/radiostudiow.com.br\/site\/wp-json\/wp\/v2\/media?parent=25025"}],"wp:term":[{"taxonomy":"category","embeddable":true,"href":"https:\/\/radiostudiow.com.br\/site\/wp-json\/wp\/v2\/categories?post=25025"},{"taxonomy":"post_tag","embeddable":true,"href":"https:\/\/radiostudiow.com.br\/site\/wp-json\/wp\/v2\/tags?post=25025"}],"curies":[{"name":"wp","href":"https:\/\/api.w.org\/{rel}","templated":true}]}}