{"id":25043,"date":"2024-07-20T09:01:25","date_gmt":"2024-07-20T12:01:25","guid":{"rendered":"https:\/\/radiostudiow.com.br\/site\/?p=25043"},"modified":"2025-01-31T14:59:06","modified_gmt":"2025-01-31T17:59:06","slug":"malletense-participara-das-olimpiadas-de-paris","status":"publish","type":"post","link":"https:\/\/radiostudiow.com.br\/site\/2024\/07\/20\/malletense-participara-das-olimpiadas-de-paris\/","title":{"rendered":"MALLETENSE PARTICIPAR\u00c1 DAS OLIMP\u00cdADAS DE PARIS"},"content":{"rendered":"\n<p>O malletense Matheus Velho que atualmente mora em Uni\u00e3o da Vit\u00f3ria participar\u00e1 da Maratona Para Todos (Marathon Pour Tous), prova organizada pelo Comit\u00ea Ol\u00edmpico, que contar\u00e1 com a participa\u00e7\u00e3o de 20.024 maratonistas amadores.<\/p>\n\n\n\n<p>A mat\u00e9ria exibida no Portal VVale destaca que atletas far\u00e3o o mesmo percurso da prova ol\u00edmpica, no dia 10 de agosto, data da Maratona Masculina.<\/p>\n\n\n\n<figure class=\"wp-block-image size-full\"><img loading=\"lazy\" decoding=\"async\" width=\"897\" height=\"204\" src=\"https:\/\/radiostudiow.com.br\/site\/wp-content\/uploads\/2024\/04\/image-50.png\" alt=\"\" class=\"wp-image-21368\" srcset=\"https:\/\/radiostudiow.com.br\/site\/wp-content\/uploads\/2024\/04\/image-50.png 897w, https:\/\/radiostudiow.com.br\/site\/wp-content\/uploads\/2024\/04\/image-50-300x68.png 300w, https:\/\/radiostudiow.com.br\/site\/wp-content\/uploads\/2024\/04\/image-50-768x175.png 768w\" sizes=\"auto, (max-width: 897px) 100vw, 897px\" \/><\/figure>\n\n\n\n<p>A participa\u00e7\u00e3o de maratonistas amadores, que \u00e9 algo corriqueiro em outras provas, como por exemplo a tradicional Corrida de S\u00e3o Silvestre, acontecer\u00e1 pela primeira vez em uma edi\u00e7\u00e3o de Jogos Ol\u00edmpicos.<\/p>\n\n\n\n<p>A inten\u00e7\u00e3o \u00e9 permitir que o p\u00fablico possa vivenciar as Olimp\u00edadas de Paris de perto.<\/p>\n\n\n\n<p>Trajeto da Maratona.<\/p>\n\n\n\n<p>O processo para que Matheus conseguisse participar da Maratona Para Todos, contudo, n\u00e3o foi simples. Com interesse de atletas do mundo inteiro, o n\u00famero de vagas dispon\u00edveis era inferior \u00e0 demanda. Dessa forma, os maratonistas foram escolhidos por meio de sorteio.<br>Para ter uma chance de ser sorteado, Matheus realizou uma s\u00e9rie de desafios propostos no aplicativo oficial da prova durante o ano de 2023, totalizando cerca de 4.000 km percorridos.<\/p>\n\n\n\n<p><em><strong>\u201cDe qualquer forma eu estava correndo, e aproveitei unir o \u00fatil ao agrad\u00e1vel, j\u00e1 que eu estava treinando e fazendo longas dist\u00e2ncias. Eu acreditei que talvez, por um por um golpe de sorte, eu conseguisse uma vaga. Confesso que eu n\u00e3o tinha aquela esperan\u00e7a absoluta de que daria certo. Como eram disponibilizadas poucas vagas e havia muita gente cumprindo os desafios, voc\u00ea acaba ficando naquele ceticismo. Mas cumpri mais de 50 desafios ao longo do ano\u201d, relatou Matheus a reportagem.<\/strong><\/em><\/p>\n\n\n\n<figure class=\"wp-block-image size-full\"><img loading=\"lazy\" decoding=\"async\" width=\"876\" height=\"517\" src=\"https:\/\/radiostudiow.com.br\/site\/wp-content\/uploads\/2024\/07\/13.jpeg\" alt=\"\" class=\"wp-image-25044\" srcset=\"https:\/\/radiostudiow.com.br\/site\/wp-content\/uploads\/2024\/07\/13.jpeg 876w, https:\/\/radiostudiow.com.br\/site\/wp-content\/uploads\/2024\/07\/13-300x177.jpeg 300w, https:\/\/radiostudiow.com.br\/site\/wp-content\/uploads\/2024\/07\/13-768x453.jpeg 768w\" sizes=\"auto, (max-width: 876px) 100vw, 876px\" \/><\/figure>\n\n\n\n<p>A not\u00edcia de que Matheus havia sido sorteado veio em 24 de janeiro deste ano. De in\u00edcio, o atleta desconfiou, pensando que o email informando que sua vaga estava garantida fosse um golpe. <strong><em>\u201cPara mim era uma coisa meio surreal, meio inacredit\u00e1vel\u201d, comenta. <\/em><\/strong>Para ter certeza da informa\u00e7\u00e3o, come\u00e7ou a mandar mensagens em grupos de corredores dos quais faz parte. Foi ent\u00e3o que conheceu um corredor de Curitiba, que tamb\u00e9m foi sorteado, e que estava organizando um grupo com brasileiros que participar\u00e3o da Maratona Para Todos. <em><strong>\u201cA\u00ed eu comecei a acreditar de verdade, a conseguir informa\u00e7\u00f5es, como \u00e9 que funcionava, se realmente estava tudo certo. A\u00ed acreditei que deu certo e comecei a me organizar\u201d.<\/strong><\/em><br>A inscri\u00e7\u00e3o na prova \u00e9 gratuita, mas Matheus precisar\u00e1 arcar com todas as outras despesas, como alimenta\u00e7\u00e3o, transporte e hospedagem.<\/p>\n\n\n\n<p>A viagem est\u00e1 agendada para o dia 06 de agosto e marcar\u00e1 a realiza\u00e7\u00e3o de um sonho do atleta. <em><strong>\u201cEu descobri l\u00e1 no no finzinho de 2022, ouvindo um podcast, que em 2024 seria a primeira vez que a maratona dos Jogos Ol\u00edmpicos estaria aberta para atletas amadores. Quando eu vi a not\u00edcia, j\u00e1 coloquei nos meus objetivos de vida que um dia eu ia fazer [a maratona]. N\u00e3o sabia se iria agora em 2024 ou se seria em 2028, 2032, ou qualquer outra Olimp\u00edadas, mas coloquei como uma meta que eu faria o que fosse poss\u00edvel [para participar]\u201d.<\/strong><\/em><\/p>\n\n\n\n<figure class=\"wp-block-image size-full\"><img loading=\"lazy\" decoding=\"async\" width=\"897\" height=\"204\" src=\"https:\/\/radiostudiow.com.br\/site\/wp-content\/uploads\/2024\/04\/image-51.png\" alt=\"\" class=\"wp-image-21370\" srcset=\"https:\/\/radiostudiow.com.br\/site\/wp-content\/uploads\/2024\/04\/image-51.png 897w, https:\/\/radiostudiow.com.br\/site\/wp-content\/uploads\/2024\/04\/image-51-300x68.png 300w, https:\/\/radiostudiow.com.br\/site\/wp-content\/uploads\/2024\/04\/image-51-768x175.png 768w\" sizes=\"auto, (max-width: 897px) 100vw, 897px\" \/><\/figure>\n\n\n\n<p>A prepara\u00e7\u00e3o para a Maratona \u00e9 intensa. Todos os dias, Matheus corre entre 5 km e 6 km, no que considera treinos regenerativos. Intercala com dist\u00e2ncias um pouco maiores, por volta de 18 km. Aos finais de semana, realiza percursos de cerca de 32 km, totalizando entre 70 km e 90 km semanais. <em><strong>\u201c\u00c9 pesado fisicamente, mas mentalmente me faz muito bem. \u00c9 muito bom. Esses treinos longos s\u00e3o bons para voc\u00ea pensar na vida\u201d.<\/strong><\/em><br>Chegando em Paris, os planos de Matheus s\u00e3o claros: poupar-se ao m\u00e1ximo para a prova. <em><strong>\u201cAt\u00e9 pensei em aproveitar a viagem para ir ao est\u00e1dio ver alguma prova de atletismo ou algum esporte do tipo, mas o meu principal objetivo com essa viagem para Paris \u00e9 fazer a maratona. Ent\u00e3o, eu quero evitar de caminhar muito, de ficar batendo perna \u00e0 toa antes da prova. N\u00e3o vou comparecer antes disso a nenhum evento. Vou caminhar o menos poss\u00edvel para poder guardar as pernas para o grande objetivo, que \u00e9 correr os 42 km da prova. Pretendo ver a Maratona masculina e feminina. Poder ver os atletas de elite ali de perto, porque a gente s\u00f3 v\u00ea pela televis\u00e3o. E s\u00f3 de eles passarem, embora eles passem muito r\u00e1pido, j\u00e1 \u00e9 um um sonho realizado. E tamb\u00e9m a cerim\u00f4nia de encerramento, no domingo, se der tudo certo estarei presente tamb\u00e9m\u201d.<\/strong><\/em><\/p>\n\n\n\n<p><em>Fonte: Portal VVale<\/em><\/p>\n","protected":false},"excerpt":{"rendered":"<p>O malletense Matheus Velho que atualmente mora em Uni\u00e3o da Vit\u00f3ria participar\u00e1 da Maratona Para Todos (Marathon Pour Tous), prova organizada pelo Comit\u00ea Ol\u00edmpico, que contar\u00e1 com a participa\u00e7\u00e3o de 20.024 maratonistas amadores. A mat\u00e9ria exibida no Portal VVale destaca que atletas far\u00e3o o mesmo percurso da prova ol\u00edmpica, no dia 10 de agosto, data [&hellip;]<\/p>\n","protected":false},"author":2,"featured_media":25045,"comment_status":"open","ping_status":"open","sticky":false,"template":"","format":"standard","meta":{"footnotes":""},"categories":[7],"tags":[172],"class_list":["post-25043","post","type-post","status-publish","format-standard","has-post-thumbnail","hentry","category-geral","tag-featured"],"amp_enabled":true,"_links":{"self":[{"href":"https:\/\/radiostudiow.com.br\/site\/wp-json\/wp\/v2\/posts\/25043","targetHints":{"allow":["GET"]}}],"collection":[{"href":"https:\/\/radiostudiow.com.br\/site\/wp-json\/wp\/v2\/posts"}],"about":[{"href":"https:\/\/radiostudiow.com.br\/site\/wp-json\/wp\/v2\/types\/post"}],"author":[{"embeddable":true,"href":"https:\/\/radiostudiow.com.br\/site\/wp-json\/wp\/v2\/users\/2"}],"replies":[{"embeddable":true,"href":"https:\/\/radiostudiow.com.br\/site\/wp-json\/wp\/v2\/comments?post=25043"}],"version-history":[{"count":2,"href":"https:\/\/radiostudiow.com.br\/site\/wp-json\/wp\/v2\/posts\/25043\/revisions"}],"predecessor-version":[{"id":25050,"href":"https:\/\/radiostudiow.com.br\/site\/wp-json\/wp\/v2\/posts\/25043\/revisions\/25050"}],"wp:featuredmedia":[{"embeddable":true,"href":"https:\/\/radiostudiow.com.br\/site\/wp-json\/wp\/v2\/media\/25045"}],"wp:attachment":[{"href":"https:\/\/radiostudiow.com.br\/site\/wp-json\/wp\/v2\/media?parent=25043"}],"wp:term":[{"taxonomy":"category","embeddable":true,"href":"https:\/\/radiostudiow.com.br\/site\/wp-json\/wp\/v2\/categories?post=25043"},{"taxonomy":"post_tag","embeddable":true,"href":"https:\/\/radiostudiow.com.br\/site\/wp-json\/wp\/v2\/tags?post=25043"}],"curies":[{"name":"wp","href":"https:\/\/api.w.org\/{rel}","templated":true}]}}