{"id":25064,"date":"2024-07-22T11:30:00","date_gmt":"2024-07-22T14:30:00","guid":{"rendered":"https:\/\/radiostudiow.com.br\/site\/?p=25064"},"modified":"2025-01-31T14:59:06","modified_gmt":"2025-01-31T17:59:06","slug":"tentativa-de-homicidio-em-cruz-machado-policia-apreende-arma-de-fogo-em-residencia","status":"publish","type":"post","link":"https:\/\/radiostudiow.com.br\/site\/2024\/07\/22\/tentativa-de-homicidio-em-cruz-machado-policia-apreende-arma-de-fogo-em-residencia\/","title":{"rendered":"Tentativa de Homic\u00eddio em Cruz Machado: Pol\u00edcia Apreende Arma de Fogo em Resid\u00eancia"},"content":{"rendered":"\n<figure class=\"wp-block-image size-full\"><img decoding=\"async\" src=\"https:\/\/radiostudiow.com.br\/site\/wp-content\/uploads\/2024\/03\/bannertijolao.jpg\" alt=\"\" class=\"wp-image-20494\"\/><\/figure>\n\n\n\n<p><\/p>\n\n\n\n<figure class=\"wp-block-image size-full\"><img decoding=\"async\" src=\"https:\/\/radiostudiow.com.br\/site\/wp-content\/uploads\/2024\/01\/SITE-GRANDE2.png\" alt=\"\" class=\"wp-image-18938\"\/><\/figure>\n\n\n\n<p>Na tarde de domingo, 21 de julho, por volta das 16h45, uma situa\u00e7\u00e3o alarmante de amea\u00e7a e disparo de arma de fogo mobilizou o Pelot\u00e3o da Pol\u00edcia Militar de Cruz Machado. Uma v\u00edtima, que se apresentou na unidade, relatou ter sido alvo de uma tentativa de homic\u00eddio.<\/p>\n\n\n\n<p>Segundo o boletim de ocorr\u00eancia, a v\u00edtima informou ter ouvido um disparo e avistado um indiv\u00edduo armado dentro de seu terreno. Diante das informa\u00e7\u00f5es, a equipe policial deslocou-se imediatamente para o local mencionado.&nbsp;<\/p>\n\n\n\n<p>No local, os agentes identificaram um homem que correspondia \u00e0 descri\u00e7\u00e3o fornecida pela v\u00edtima. Durante a abordagem, nada de il\u00edcito foi encontrado com o suspeito. No entanto, ao realizarem uma busca em sua resid\u00eancia, os policiais localizaram um rifle calibre 22 e v\u00e1rias muni\u00e7\u00f5es.<\/p>\n\n\n\n<p>O suspeito foi detido e encaminhado \u00e0 4\u00aa Subdivis\u00e3o Policial de Uni\u00e3o da Vit\u00f3ria, onde as autoridades competentes ir\u00e3o investigar e apreciar os fatos para a devida apura\u00e7\u00e3o do caso.<\/p>\n\n\n\n<figure class=\"wp-block-image size-full\"><img loading=\"lazy\" decoding=\"async\" width=\"598\" height=\"204\" src=\"https:\/\/radiostudiow.com.br\/site\/wp-content\/uploads\/2023\/12\/SITE-MEDIO4.png\" alt=\"\" class=\"wp-image-17598\" srcset=\"https:\/\/radiostudiow.com.br\/site\/wp-content\/uploads\/2023\/12\/SITE-MEDIO4.png 598w, https:\/\/radiostudiow.com.br\/site\/wp-content\/uploads\/2023\/12\/SITE-MEDIO4-300x102.png 300w\" sizes=\"auto, (max-width: 598px) 100vw, 598px\" \/><\/figure>\n","protected":false},"excerpt":{"rendered":"<p>Na tarde de domingo, 21 de julho, por volta das 16h45, uma situa\u00e7\u00e3o alarmante de amea\u00e7a e disparo de arma de fogo mobilizou o Pelot\u00e3o da Pol\u00edcia Militar de Cruz Machado. Uma v\u00edtima, que se apresentou na unidade, relatou ter sido alvo de uma tentativa de homic\u00eddio. Segundo o boletim de ocorr\u00eancia, a v\u00edtima informou [&hellip;]<\/p>\n","protected":false},"author":2,"featured_media":25069,"comment_status":"open","ping_status":"open","sticky":false,"template":"","format":"standard","meta":{"footnotes":""},"categories":[2,185],"tags":[172],"class_list":["post-25064","post","type-post","status-publish","format-standard","has-post-thumbnail","hentry","category-policial","category-regional","tag-featured"],"amp_enabled":true,"_links":{"self":[{"href":"https:\/\/radiostudiow.com.br\/site\/wp-json\/wp\/v2\/posts\/25064","targetHints":{"allow":["GET"]}}],"collection":[{"href":"https:\/\/radiostudiow.com.br\/site\/wp-json\/wp\/v2\/posts"}],"about":[{"href":"https:\/\/radiostudiow.com.br\/site\/wp-json\/wp\/v2\/types\/post"}],"author":[{"embeddable":true,"href":"https:\/\/radiostudiow.com.br\/site\/wp-json\/wp\/v2\/users\/2"}],"replies":[{"embeddable":true,"href":"https:\/\/radiostudiow.com.br\/site\/wp-json\/wp\/v2\/comments?post=25064"}],"version-history":[{"count":3,"href":"https:\/\/radiostudiow.com.br\/site\/wp-json\/wp\/v2\/posts\/25064\/revisions"}],"predecessor-version":[{"id":25073,"href":"https:\/\/radiostudiow.com.br\/site\/wp-json\/wp\/v2\/posts\/25064\/revisions\/25073"}],"wp:featuredmedia":[{"embeddable":true,"href":"https:\/\/radiostudiow.com.br\/site\/wp-json\/wp\/v2\/media\/25069"}],"wp:attachment":[{"href":"https:\/\/radiostudiow.com.br\/site\/wp-json\/wp\/v2\/media?parent=25064"}],"wp:term":[{"taxonomy":"category","embeddable":true,"href":"https:\/\/radiostudiow.com.br\/site\/wp-json\/wp\/v2\/categories?post=25064"},{"taxonomy":"post_tag","embeddable":true,"href":"https:\/\/radiostudiow.com.br\/site\/wp-json\/wp\/v2\/tags?post=25064"}],"curies":[{"name":"wp","href":"https:\/\/api.w.org\/{rel}","templated":true}]}}