{"id":25066,"date":"2024-07-22T13:00:00","date_gmt":"2024-07-22T16:00:00","guid":{"rendered":"https:\/\/radiostudiow.com.br\/site\/?p=25066"},"modified":"2025-01-31T14:59:06","modified_gmt":"2025-01-31T17:59:06","slug":"ocorrencia-de-violencia-domestica-e-registrada-em-general-carneiro","status":"publish","type":"post","link":"https:\/\/radiostudiow.com.br\/site\/2024\/07\/22\/ocorrencia-de-violencia-domestica-e-registrada-em-general-carneiro\/","title":{"rendered":"Ocorr\u00eancia de Viol\u00eancia Dom\u00e9stica \u00e9 Registrada em General Carneiro"},"content":{"rendered":"\n<p><\/p>\n\n\n\n<figure class=\"wp-block-image size-full\"><img decoding=\"async\" src=\"https:\/\/radiostudiow.com.br\/site\/wp-content\/uploads\/2022\/04\/AFUBRE-IRATI.jpg\" alt=\"\" class=\"wp-image-7116\"\/><\/figure>\n\n\n\n<p>Na tarde desta quinta-feira, por volta das 16h05, uma equipe policial foi acionada para atender uma ocorr\u00eancia de viol\u00eancia dom\u00e9stica na cidade de General Carneiro. A den\u00fancia inicial indicava que uma mulher estava sendo agredida pelo marido, que apresentava comportamento agressivo.<\/p>\n\n\n\n<p>Ao chegarem ao local, os policiais encontraram a v\u00edtima, que relatou ter sido atacada pelo marido durante uma discuss\u00e3o. Segundo ela, o agressor a segurou pelo pesco\u00e7o, resultando em uma briga f\u00edsica entre o casal. A guarni\u00e7\u00e3o ent\u00e3o entrou na resid\u00eancia e abordou o acusado, mas n\u00e3o encontrou nada de il\u00edcito com ele.<\/p>\n\n\n\n<p>A mulher expressou o desejo de representar judicialmente contra o marido. Diante disso, ambos foram encaminhados \u00e0 4\u00aa Subdivis\u00e3o Policial (SDP) de Uni\u00e3o da Vit\u00f3ria para que o delegado de pol\u00edcia pudesse tomar as provid\u00eancias cab\u00edveis.<\/p>\n\n\n\n<figure class=\"wp-block-image size-full\"><img decoding=\"async\" src=\"https:\/\/radiostudiow.com.br\/site\/wp-content\/uploads\/2024\/03\/bannertijolao.jpg\" alt=\"\" class=\"wp-image-20494\"\/><\/figure>\n\n\n\n<div class=\"wp-block-group\"><div class=\"wp-block-group__inner-container is-layout-constrained wp-block-group-is-layout-constrained\">\n<div class=\"wp-block-columns is-layout-flex wp-container-core-columns-is-layout-9d6595d7 wp-block-columns-is-layout-flex\">\n<div class=\"wp-block-column is-layout-flow wp-block-column-is-layout-flow\" style=\"flex-basis:100%\">\n<figure class=\"wp-block-gallery has-nested-images columns-default is-cropped wp-block-gallery-1 is-layout-flex wp-block-gallery-is-layout-flex\">\n<figure class=\"wp-block-image size-large\"><img loading=\"lazy\" decoding=\"async\" width=\"300\" height=\"180\" data-id=\"21712\" src=\"https:\/\/radiostudiow.com.br\/site\/wp-content\/uploads\/2024\/04\/SITE-PEQUENO.png\" alt=\"\" class=\"wp-image-21712\"\/><\/figure>\n\n\n\n<figure class=\"wp-block-image size-large\"><img loading=\"lazy\" decoding=\"async\" width=\"300\" height=\"180\" data-id=\"18945\" src=\"https:\/\/radiostudiow.com.br\/site\/wp-content\/uploads\/2024\/01\/SITE-PEQUENO.png\" alt=\"\" class=\"wp-image-18945\"\/><\/figure>\n\n\n\n<figure class=\"wp-block-image size-large\"><img decoding=\"async\" data-id=\"18924\" src=\"https:\/\/radiostudiow.com.br\/site\/wp-content\/uploads\/2024\/01\/SITE-PEQUENO3.png\" alt=\"\" class=\"wp-image-18924\"\/><\/figure>\n<\/figure>\n<\/div>\n<\/div>\n<\/div><\/div>\n","protected":false},"excerpt":{"rendered":"<p>Na tarde desta quinta-feira, por volta das 16h05, uma equipe policial foi acionada para atender uma ocorr\u00eancia de viol\u00eancia dom\u00e9stica na cidade de General Carneiro. A den\u00fancia inicial indicava que uma mulher estava sendo agredida pelo marido, que apresentava comportamento agressivo. Ao chegarem ao local, os policiais encontraram a v\u00edtima, que relatou ter sido atacada [&hellip;]<\/p>\n","protected":false},"author":2,"featured_media":0,"comment_status":"open","ping_status":"open","sticky":false,"template":"","format":"standard","meta":{"footnotes":""},"categories":[2,185],"tags":[172],"class_list":["post-25066","post","type-post","status-publish","format-standard","hentry","category-policial","category-regional","tag-featured"],"amp_enabled":true,"_links":{"self":[{"href":"https:\/\/radiostudiow.com.br\/site\/wp-json\/wp\/v2\/posts\/25066","targetHints":{"allow":["GET"]}}],"collection":[{"href":"https:\/\/radiostudiow.com.br\/site\/wp-json\/wp\/v2\/posts"}],"about":[{"href":"https:\/\/radiostudiow.com.br\/site\/wp-json\/wp\/v2\/types\/post"}],"author":[{"embeddable":true,"href":"https:\/\/radiostudiow.com.br\/site\/wp-json\/wp\/v2\/users\/2"}],"replies":[{"embeddable":true,"href":"https:\/\/radiostudiow.com.br\/site\/wp-json\/wp\/v2\/comments?post=25066"}],"version-history":[{"count":2,"href":"https:\/\/radiostudiow.com.br\/site\/wp-json\/wp\/v2\/posts\/25066\/revisions"}],"predecessor-version":[{"id":25072,"href":"https:\/\/radiostudiow.com.br\/site\/wp-json\/wp\/v2\/posts\/25066\/revisions\/25072"}],"wp:attachment":[{"href":"https:\/\/radiostudiow.com.br\/site\/wp-json\/wp\/v2\/media?parent=25066"}],"wp:term":[{"taxonomy":"category","embeddable":true,"href":"https:\/\/radiostudiow.com.br\/site\/wp-json\/wp\/v2\/categories?post=25066"},{"taxonomy":"post_tag","embeddable":true,"href":"https:\/\/radiostudiow.com.br\/site\/wp-json\/wp\/v2\/tags?post=25066"}],"curies":[{"name":"wp","href":"https:\/\/api.w.org\/{rel}","templated":true}]}}