{"id":25077,"date":"2024-07-23T08:55:14","date_gmt":"2024-07-23T11:55:14","guid":{"rendered":"https:\/\/radiostudiow.com.br\/site\/?p=25077"},"modified":"2025-01-31T14:59:06","modified_gmt":"2025-01-31T17:59:06","slug":"moradora-encontra-arma-de-fogo-em-frente-a-sua-residencia-em-mallet","status":"publish","type":"post","link":"https:\/\/radiostudiow.com.br\/site\/2024\/07\/23\/moradora-encontra-arma-de-fogo-em-frente-a-sua-residencia-em-mallet\/","title":{"rendered":"Moradora encontra arma de fogo em frente \u00e0 sua resid\u00eancia em Mallet"},"content":{"rendered":"\n<p><\/p>\n\n\n\n<figure class=\"wp-block-image size-full is-resized\"><img loading=\"lazy\" decoding=\"async\" width=\"897\" height=\"204\" src=\"https:\/\/radiostudiow.com.br\/site\/wp-content\/uploads\/2024\/01\/SITE-GRANDE3.png\" alt=\"zaions\" class=\"wp-image-18936\" style=\"width:740px;height:auto\" srcset=\"https:\/\/radiostudiow.com.br\/site\/wp-content\/uploads\/2024\/01\/SITE-GRANDE3.png 897w, https:\/\/radiostudiow.com.br\/site\/wp-content\/uploads\/2024\/01\/SITE-GRANDE3-300x68.png 300w, https:\/\/radiostudiow.com.br\/site\/wp-content\/uploads\/2024\/01\/SITE-GRANDE3-768x175.png 768w\" sizes=\"auto, (max-width: 897px) 100vw, 897px\" \/><\/figure>\n\n\n\n<p><\/p>\n\n\n\n<p>Na noite do \u00faltimo s\u00e1bado (20), uma situa\u00e7\u00e3o inusitada mobilizou a equipe policial de Mallet. Por volta das 22h50, uma moradora da cidade acionou as autoridades ao encontrar uma arma de fogo em frente \u00e0 sua resid\u00eancia.<\/p>\n\n\n\n<p>De acordo com o boletim de ocorr\u00eancia, a solicitante, que preferiu n\u00e3o ter sua identidade revelada, entrou em contato com a pol\u00edcia ap\u00f3s localizar uma garrucha de fabrica\u00e7\u00e3o artesanal. A arma, que tem capacidade para um disparo de calibre .36, foi descoberta pela moradora enquanto ela sa\u00eda de casa.<\/p>\n\n\n\n<p>A equipe policial deslocou-se at\u00e9 o local e recolheu a garrucha. Segundo as autoridades, a arma ser\u00e1 encaminhada \u00e0 10\u00aa Delegacia Regional de Policia de Mallet, onde ser\u00e3o tomadas as provid\u00eancias necess\u00e1rias para apurar a origem do objeto e investigar poss\u00edveis conex\u00f5es com atividades il\u00edcitas na regi\u00e3o.<\/p>\n\n\n\n<p>O incidente chamou a aten\u00e7\u00e3o dos moradores de Mallet, uma vez que a presen\u00e7a de armas de fogo em \u00e1reas residenciais pode representar um risco \u00e0 seguran\u00e7a da comunidade. As autoridades locais refor\u00e7am a import\u00e2ncia de comunicar qualquer atividade ou objeto suspeito imediatamente \u00e0 pol\u00edcia, para garantir a seguran\u00e7a de todos.<\/p>\n\n\n\n<p><\/p>\n\n\n\n<figure class=\"wp-block-image size-full\"><img loading=\"lazy\" decoding=\"async\" width=\"598\" height=\"204\" src=\"https:\/\/radiostudiow.com.br\/site\/wp-content\/uploads\/2024\/01\/SITE-MEDIO.png\" alt=\"\" class=\"wp-image-18916\" srcset=\"https:\/\/radiostudiow.com.br\/site\/wp-content\/uploads\/2024\/01\/SITE-MEDIO.png 598w, https:\/\/radiostudiow.com.br\/site\/wp-content\/uploads\/2024\/01\/SITE-MEDIO-300x102.png 300w\" sizes=\"auto, (max-width: 598px) 100vw, 598px\" \/><\/figure>\n\n\n\n<p><\/p>\n\n\n\n<figure class=\"wp-block-image size-full\"><img decoding=\"async\" src=\"https:\/\/radiostudiow.com.br\/site\/wp-content\/uploads\/2024\/03\/bannertijolao.jpg\" alt=\"\" class=\"wp-image-20494\"\/><\/figure>\n","protected":false},"excerpt":{"rendered":"<p>Na noite do \u00faltimo s\u00e1bado (20), uma situa\u00e7\u00e3o inusitada mobilizou a equipe policial de Mallet. Por volta das 22h50, uma moradora da cidade acionou as autoridades ao encontrar uma arma de fogo em frente \u00e0 sua resid\u00eancia. De acordo com o boletim de ocorr\u00eancia, a solicitante, que preferiu n\u00e3o ter sua identidade revelada, entrou em [&hellip;]<\/p>\n","protected":false},"author":2,"featured_media":17329,"comment_status":"open","ping_status":"open","sticky":false,"template":"","format":"standard","meta":{"footnotes":""},"categories":[184,2],"tags":[172],"class_list":["post-25077","post","type-post","status-publish","format-standard","has-post-thumbnail","hentry","category-local","category-policial","tag-featured"],"amp_enabled":true,"_links":{"self":[{"href":"https:\/\/radiostudiow.com.br\/site\/wp-json\/wp\/v2\/posts\/25077","targetHints":{"allow":["GET"]}}],"collection":[{"href":"https:\/\/radiostudiow.com.br\/site\/wp-json\/wp\/v2\/posts"}],"about":[{"href":"https:\/\/radiostudiow.com.br\/site\/wp-json\/wp\/v2\/types\/post"}],"author":[{"embeddable":true,"href":"https:\/\/radiostudiow.com.br\/site\/wp-json\/wp\/v2\/users\/2"}],"replies":[{"embeddable":true,"href":"https:\/\/radiostudiow.com.br\/site\/wp-json\/wp\/v2\/comments?post=25077"}],"version-history":[{"count":1,"href":"https:\/\/radiostudiow.com.br\/site\/wp-json\/wp\/v2\/posts\/25077\/revisions"}],"predecessor-version":[{"id":25078,"href":"https:\/\/radiostudiow.com.br\/site\/wp-json\/wp\/v2\/posts\/25077\/revisions\/25078"}],"wp:featuredmedia":[{"embeddable":true,"href":"https:\/\/radiostudiow.com.br\/site\/wp-json\/wp\/v2\/media\/17329"}],"wp:attachment":[{"href":"https:\/\/radiostudiow.com.br\/site\/wp-json\/wp\/v2\/media?parent=25077"}],"wp:term":[{"taxonomy":"category","embeddable":true,"href":"https:\/\/radiostudiow.com.br\/site\/wp-json\/wp\/v2\/categories?post=25077"},{"taxonomy":"post_tag","embeddable":true,"href":"https:\/\/radiostudiow.com.br\/site\/wp-json\/wp\/v2\/tags?post=25077"}],"curies":[{"name":"wp","href":"https:\/\/api.w.org\/{rel}","templated":true}]}}