{"id":25110,"date":"2024-07-24T11:00:07","date_gmt":"2024-07-24T14:00:07","guid":{"rendered":"https:\/\/radiostudiow.com.br\/site\/?p=25110"},"modified":"2025-01-31T14:59:06","modified_gmt":"2025-01-31T17:59:06","slug":"boletim-da-dengue-confirma-mais-8-995-casos-e-22-obitos-no-parana","status":"publish","type":"post","link":"https:\/\/radiostudiow.com.br\/site\/2024\/07\/24\/boletim-da-dengue-confirma-mais-8-995-casos-e-22-obitos-no-parana\/","title":{"rendered":"Boletim da dengue confirma mais 8.995 casos e 22 \u00f3bitos no Paran\u00e1"},"content":{"rendered":"\n<p><\/p>\n\n\n\n<figure class=\"wp-block-image size-full\"><img decoding=\"async\" src=\"https:\/\/radiostudiow.com.br\/site\/wp-content\/uploads\/2024\/03\/bannertijolao.jpg\" alt=\"\" class=\"wp-image-20494\"\/><\/figure>\n\n\n\n<p>A Secretaria de Estado da Sa\u00fade (Sesa) divulgou nesta ter\u00e7a-feira (23) o novo boletim semanal da dengue. O Paran\u00e1 registrou mais 8.995 casos da doen\u00e7a e 22 \u00f3bitos. Ao todo, desde o in\u00edcio deste per\u00edodo epidemiol\u00f3gico, em 30 de julho de 2023, s\u00e3o 933.146 notifica\u00e7\u00f5es, 587.701 casos confirmados e 571 mortes em decorr\u00eancia da dengue.<\/p>\n\n\n\n<p>Os 22 novos \u00f3bitos ocorreram entre 19 de fevereiro e 26 de junho deste ano. S\u00e3o 14 homens e oito mulheres com idades entre 58 e 94 anos. As mortes foram registradas em Guaratuba, Pato Branco, Francisco Beltr\u00e3o (4), Foz do Igua\u00e7u, Cafel\u00e2ndia, Cascavel (2), Santa L\u00facia, Cianorte, Japur\u00e1, Maring\u00e1 (2), Apucarana (2), Lupion\u00f3polis, Porecatu, Abati\u00e1 e Corn\u00e9lio Proc\u00f3pio (2).<\/p>\n\n\n\n<p>A Regional de Sa\u00fade de Londrina possui mais casos confirmados em n\u00fameros absolutos, com 77.760 diagn\u00f3sticos, seguida pelas regionais de Cascavel, com 67.865, e de Francisco Beltr\u00e3o, com 61.285. Os tr\u00eas munic\u00edpios que mais contabilizam casos s\u00e3o Londrina (39.883), Cascavel (32.283) e Maring\u00e1 (23.157).<\/p>\n\n\n\n<p><\/p>\n\n\n\n<figure class=\"wp-block-gallery has-nested-images columns-default is-cropped wp-block-gallery-1 is-layout-flex wp-block-gallery-is-layout-flex\">\n<figure class=\"wp-block-image size-large\"><img loading=\"lazy\" decoding=\"async\" width=\"300\" height=\"180\" data-id=\"21712\" src=\"https:\/\/radiostudiow.com.br\/site\/wp-content\/uploads\/2024\/04\/SITE-PEQUENO.png\" alt=\"\" class=\"wp-image-21712\"\/><\/figure>\n\n\n\n<figure class=\"wp-block-image size-large\"><img loading=\"lazy\" decoding=\"async\" width=\"300\" height=\"180\" data-id=\"18945\" src=\"https:\/\/radiostudiow.com.br\/site\/wp-content\/uploads\/2024\/01\/SITE-PEQUENO.png\" alt=\"\" class=\"wp-image-18945\"\/><\/figure>\n\n\n\n<figure class=\"wp-block-image size-large\"><img decoding=\"async\" data-id=\"18924\" src=\"https:\/\/radiostudiow.com.br\/site\/wp-content\/uploads\/2024\/01\/SITE-PEQUENO3.png\" alt=\"\" class=\"wp-image-18924\"\/><\/figure>\n<\/figure>\n\n\n\n<p><\/p>\n\n\n\n<p>Em rela\u00e7\u00e3o aos \u00f3bitos, a Regional de Sa\u00fade de Londrina soma o maior n\u00famero, com a morte de 97 pessoas. Na sequ\u00eancia est\u00e3o as regionais de Cascavel, com 84, e de Francisco Beltr\u00e3o, com 80.<\/p>\n\n\n\n<p>Chikungunya e zika tamb\u00e9m s\u00e3o transmitidas pelo mosquito<em>&nbsp;Aedes aegypti<\/em>&nbsp;e as informa\u00e7\u00f5es sobre essas doen\u00e7as constam no mesmo documento. Neste per\u00edodo houve o registro de tr\u00eas novos casos de chikungunya, somando 215 confirma\u00e7\u00f5es e 1.906 notifica\u00e7\u00f5es da doen\u00e7a no Estado. N\u00e3o h\u00e1 casos confirmados de zika v\u00edrus \u2013 o boletim registra 145 notifica\u00e7\u00f5es no Paran\u00e1.<\/p>\n\n\n\n<p><strong>INFESTA\u00c7\u00c3O PREDIAL<\/strong>\u00a0\u2013 A Sesa divulgou tamb\u00e9m o novo boletim de infesta\u00e7\u00e3o predial, que apresenta o levantamento entomol\u00f3gico para o Aedes aegypti. O Paran\u00e1 tem 376 munic\u00edpios infestados, representando 94,2% do Estado.<\/p>\n\n\n\n<p>No per\u00edodo de 1\u00ba de maio a 30 de junho, dos 399 munic\u00edpios do Paran\u00e1, 19 estavam classificados em situa\u00e7\u00e3o de risco de epidemia, 144 em alerta e 117 em situa\u00e7\u00e3o satisfat\u00f3ria para o IIP (\u00cdndice de Infesta\u00e7\u00e3o Predial). Outros 112 n\u00e3o enviaram informa\u00e7\u00f5es ou n\u00e3o realizaram o monitoramento. A cidade com maior \u00edndice de infesta\u00e7\u00e3o predial \u00e9 Santa Helena, no Oeste, com IIP de 11,9%.<\/p>\n\n\n\n<p><\/p>\n\n\n<div class=\"wp-block-image\">\n<figure class=\"aligncenter size-large is-resized\"><img decoding=\"async\" src=\"https:\/\/radiostudiow.com.br\/site\/wp-content\/uploads\/2024\/05\/LABIRATI-1024x1024.png\" alt=\"\" class=\"wp-image-22265\" style=\"width:452px;height:auto\"\/><\/figure>\n<\/div>","protected":false},"excerpt":{"rendered":"<p>A Secretaria de Estado da Sa\u00fade (Sesa) divulgou nesta ter\u00e7a-feira (23) o novo boletim semanal da dengue. O Paran\u00e1 registrou mais 8.995 casos da doen\u00e7a e 22 \u00f3bitos. Ao todo, desde o in\u00edcio deste per\u00edodo epidemiol\u00f3gico, em 30 de julho de 2023, s\u00e3o 933.146 notifica\u00e7\u00f5es, 587.701 casos confirmados e 571 mortes em decorr\u00eancia da dengue. [&hellip;]<\/p>\n","protected":false},"author":2,"featured_media":23432,"comment_status":"open","ping_status":"open","sticky":false,"template":"","format":"standard","meta":{"footnotes":""},"categories":[182],"tags":[172],"class_list":["post-25110","post","type-post","status-publish","format-standard","has-post-thumbnail","hentry","category-saude","tag-featured"],"amp_enabled":true,"_links":{"self":[{"href":"https:\/\/radiostudiow.com.br\/site\/wp-json\/wp\/v2\/posts\/25110","targetHints":{"allow":["GET"]}}],"collection":[{"href":"https:\/\/radiostudiow.com.br\/site\/wp-json\/wp\/v2\/posts"}],"about":[{"href":"https:\/\/radiostudiow.com.br\/site\/wp-json\/wp\/v2\/types\/post"}],"author":[{"embeddable":true,"href":"https:\/\/radiostudiow.com.br\/site\/wp-json\/wp\/v2\/users\/2"}],"replies":[{"embeddable":true,"href":"https:\/\/radiostudiow.com.br\/site\/wp-json\/wp\/v2\/comments?post=25110"}],"version-history":[{"count":1,"href":"https:\/\/radiostudiow.com.br\/site\/wp-json\/wp\/v2\/posts\/25110\/revisions"}],"predecessor-version":[{"id":25111,"href":"https:\/\/radiostudiow.com.br\/site\/wp-json\/wp\/v2\/posts\/25110\/revisions\/25111"}],"wp:featuredmedia":[{"embeddable":true,"href":"https:\/\/radiostudiow.com.br\/site\/wp-json\/wp\/v2\/media\/23432"}],"wp:attachment":[{"href":"https:\/\/radiostudiow.com.br\/site\/wp-json\/wp\/v2\/media?parent=25110"}],"wp:term":[{"taxonomy":"category","embeddable":true,"href":"https:\/\/radiostudiow.com.br\/site\/wp-json\/wp\/v2\/categories?post=25110"},{"taxonomy":"post_tag","embeddable":true,"href":"https:\/\/radiostudiow.com.br\/site\/wp-json\/wp\/v2\/tags?post=25110"}],"curies":[{"name":"wp","href":"https:\/\/api.w.org\/{rel}","templated":true}]}}