{"id":25150,"date":"2024-07-25T14:14:44","date_gmt":"2024-07-25T17:14:44","guid":{"rendered":"https:\/\/radiostudiow.com.br\/site\/?p=25150"},"modified":"2025-01-31T14:59:05","modified_gmt":"2025-01-31T17:59:05","slug":"estepe-de-carreta-e-furtado-em-posto-de-combustiveis-na-br-153-proximo-a-general-carneiro","status":"publish","type":"post","link":"https:\/\/radiostudiow.com.br\/site\/2024\/07\/25\/estepe-de-carreta-e-furtado-em-posto-de-combustiveis-na-br-153-proximo-a-general-carneiro\/","title":{"rendered":"Estepe de Carreta \u00e9 Furtado em Posto de Combust\u00edveis na BR-153 pr\u00f3ximo a General Carneiro"},"content":{"rendered":"\n<p><\/p>\n\n\n\n<figure class=\"wp-block-image size-full\"><img decoding=\"async\" src=\"https:\/\/radiostudiow.com.br\/site\/wp-content\/uploads\/2024\/01\/SITE-GRANDE.png\" alt=\"\" class=\"wp-image-18949\"\/><\/figure>\n\n\n\n<p><\/p>\n\n\n\n<p>Na noite de ter\u00e7a-feira (23), \u00e0s 23h11, um furto foi registrado no estacionamento de um posto de combust\u00edveis localizado na BR-153, em General Carneiro. O incidente envolveu o roubo do estepe de uma carreta.<\/p>\n\n\n\n<p>A v\u00edtima do furto relatou que dois homens, vestidos inteiramente de preto, foram vistos mexendo em outros caminh\u00f5es estacionados na \u00e1rea. Somente ap\u00f3s notar a falta do estepe, a v\u00edtima percebeu que poderia ter sido alvo dos suspeitos. Segundo ela, os indiv\u00edduos deixaram o local em um ve\u00edculo que saiu devagar, dificultando a identifica\u00e7\u00e3o da placa.<\/p>\n\n\n\n<p>Ao ser acionada, a Pol\u00edcia Militar chegou rapidamente ao local para investigar o incidente. Eles realizaram uma busca detalhada em todo o estacionamento e na \u00e1rea de mata pr\u00f3xima, mas n\u00e3o conseguiram encontrar o estepe furtado.<\/p>\n\n\n\n<p>O caso destaca uma preocupa\u00e7\u00e3o crescente com a seguran\u00e7a em postos de combust\u00edveis ao longo das rodovias, onde caminhoneiros costumam parar para descansar. Esses locais, muitas vezes desprovidos de vigil\u00e2ncia adequada, podem se tornar alvos f\u00e1ceis para a\u00e7\u00f5es criminosas.<\/p>\n\n\n\n<p><\/p>\n\n\n\n<figure class=\"wp-block-gallery has-nested-images columns-default is-cropped wp-block-gallery-1 is-layout-flex wp-block-gallery-is-layout-flex\">\n<figure class=\"wp-block-image size-large\"><img loading=\"lazy\" decoding=\"async\" width=\"300\" height=\"180\" data-id=\"21712\" src=\"https:\/\/radiostudiow.com.br\/site\/wp-content\/uploads\/2024\/04\/SITE-PEQUENO.png\" alt=\"\" class=\"wp-image-21712\"\/><\/figure>\n\n\n\n<figure class=\"wp-block-image size-large\"><img decoding=\"async\" data-id=\"19268\" src=\"https:\/\/radiostudiow.com.br\/site\/wp-content\/uploads\/2024\/01\/SITE-PEQUENO-1.png\" alt=\"\" class=\"wp-image-19268\"\/><\/figure>\n\n\n\n<figure class=\"wp-block-image size-large\"><img loading=\"lazy\" decoding=\"async\" width=\"300\" height=\"180\" data-id=\"18945\" src=\"https:\/\/radiostudiow.com.br\/site\/wp-content\/uploads\/2024\/01\/SITE-PEQUENO.png\" alt=\"\" class=\"wp-image-18945\"\/><\/figure>\n<\/figure>\n\n\n\n<p><\/p>\n\n\n\n<figure class=\"wp-block-image size-full\"><img decoding=\"async\" src=\"https:\/\/radiostudiow.com.br\/site\/wp-content\/uploads\/2024\/03\/bannertijolao.jpg\" alt=\"\" class=\"wp-image-20494\"\/><\/figure>\n","protected":false},"excerpt":{"rendered":"<p>Na noite de ter\u00e7a-feira (23), \u00e0s 23h11, um furto foi registrado no estacionamento de um posto de combust\u00edveis localizado na BR-153, em General Carneiro. O incidente envolveu o roubo do estepe de uma carreta. A v\u00edtima do furto relatou que dois homens, vestidos inteiramente de preto, foram vistos mexendo em outros caminh\u00f5es estacionados na \u00e1rea. [&hellip;]<\/p>\n","protected":false},"author":2,"featured_media":19871,"comment_status":"open","ping_status":"open","sticky":false,"template":"","format":"standard","meta":{"footnotes":""},"categories":[2,185],"tags":[172],"class_list":["post-25150","post","type-post","status-publish","format-standard","has-post-thumbnail","hentry","category-policial","category-regional","tag-featured"],"amp_enabled":true,"_links":{"self":[{"href":"https:\/\/radiostudiow.com.br\/site\/wp-json\/wp\/v2\/posts\/25150","targetHints":{"allow":["GET"]}}],"collection":[{"href":"https:\/\/radiostudiow.com.br\/site\/wp-json\/wp\/v2\/posts"}],"about":[{"href":"https:\/\/radiostudiow.com.br\/site\/wp-json\/wp\/v2\/types\/post"}],"author":[{"embeddable":true,"href":"https:\/\/radiostudiow.com.br\/site\/wp-json\/wp\/v2\/users\/2"}],"replies":[{"embeddable":true,"href":"https:\/\/radiostudiow.com.br\/site\/wp-json\/wp\/v2\/comments?post=25150"}],"version-history":[{"count":1,"href":"https:\/\/radiostudiow.com.br\/site\/wp-json\/wp\/v2\/posts\/25150\/revisions"}],"predecessor-version":[{"id":25151,"href":"https:\/\/radiostudiow.com.br\/site\/wp-json\/wp\/v2\/posts\/25150\/revisions\/25151"}],"wp:featuredmedia":[{"embeddable":true,"href":"https:\/\/radiostudiow.com.br\/site\/wp-json\/wp\/v2\/media\/19871"}],"wp:attachment":[{"href":"https:\/\/radiostudiow.com.br\/site\/wp-json\/wp\/v2\/media?parent=25150"}],"wp:term":[{"taxonomy":"category","embeddable":true,"href":"https:\/\/radiostudiow.com.br\/site\/wp-json\/wp\/v2\/categories?post=25150"},{"taxonomy":"post_tag","embeddable":true,"href":"https:\/\/radiostudiow.com.br\/site\/wp-json\/wp\/v2\/tags?post=25150"}],"curies":[{"name":"wp","href":"https:\/\/api.w.org\/{rel}","templated":true}]}}