{"id":25152,"date":"2024-07-26T09:24:40","date_gmt":"2024-07-26T12:24:40","guid":{"rendered":"https:\/\/radiostudiow.com.br\/site\/?p=25152"},"modified":"2025-01-31T14:59:05","modified_gmt":"2025-01-31T17:59:05","slug":"ciclista-de-55-anos-morre-apos-colidir-com-caminhao-no-interior-de-rio-azul","status":"publish","type":"post","link":"https:\/\/radiostudiow.com.br\/site\/2024\/07\/26\/ciclista-de-55-anos-morre-apos-colidir-com-caminhao-no-interior-de-rio-azul\/","title":{"rendered":"Ciclista de 55 anos morre ap\u00f3s colidir com caminh\u00e3o no interior de Rio Azul"},"content":{"rendered":"\n<p><\/p>\n\n\n\n<figure class=\"wp-block-image size-full\"><img decoding=\"async\" src=\"https:\/\/radiostudiow.com.br\/site\/wp-content\/uploads\/2024\/01\/SITE-GRANDE.png\" alt=\"\" class=\"wp-image-18949\"\/><\/figure>\n\n\n\n<p><\/p>\n\n\n\n<p><\/p>\n\n\n\n<p>Na noite desta quarta-feira (24) um tr\u00e1gico acidente ocorreu na zona rural de Rio Azul, mais precisamente em Rio Azul dos Soares, resultando na morte de um ciclista de 55 anos. A equipe de emerg\u00eancia foi chamada ao local ap\u00f3s receber um chamado relatando a colis\u00e3o.<\/p>\n\n\n\n<p>O acidente aconteceu quando o condutor de um caminh\u00e3o, carregado com toras de madeira, trafegava em dire\u00e7\u00e3o \u00e0 cidade. A v\u00edtima, que estava de bicicleta, seguia no sentido oposto, em dire\u00e7\u00e3o a Rio Azul dos Soares. Segundo o relato do motorista do caminh\u00e3o, o ciclista perdeu o controle da bicicleta e colidiu com a lateral do ve\u00edculo, vindo a falecer no local.<\/p>\n\n\n\n<p>A Pol\u00edcia Militar isolou a \u00e1rea e acionou os \u00f3rg\u00e3os competentes para os procedimentos de praxe. A identidade da v\u00edtima ainda n\u00e3o foi divulgada, e as circunst\u00e2ncias exatas do acidente est\u00e3o sendo investigadas.<\/p>\n\n\n\n<p><\/p>\n\n\n\n<p><\/p>\n\n\n\n<figure class=\"wp-block-image size-full\"><img decoding=\"async\" src=\"https:\/\/radiostudiow.com.br\/site\/wp-content\/uploads\/2024\/03\/bannertijolao.jpg\" alt=\"\" class=\"wp-image-20494\"\/><\/figure>\n\n\n\n<p><\/p>\n\n\n\n<figure class=\"wp-block-image size-full\"><img loading=\"lazy\" decoding=\"async\" width=\"598\" height=\"204\" src=\"https:\/\/radiostudiow.com.br\/site\/wp-content\/uploads\/2024\/01\/SITE-MEDIO.png\" alt=\"\" class=\"wp-image-18916\" srcset=\"https:\/\/radiostudiow.com.br\/site\/wp-content\/uploads\/2024\/01\/SITE-MEDIO.png 598w, https:\/\/radiostudiow.com.br\/site\/wp-content\/uploads\/2024\/01\/SITE-MEDIO-300x102.png 300w\" sizes=\"auto, (max-width: 598px) 100vw, 598px\" \/><\/figure>\n","protected":false},"excerpt":{"rendered":"<p>Na noite desta quarta-feira (24) um tr\u00e1gico acidente ocorreu na zona rural de Rio Azul, mais precisamente em Rio Azul dos Soares, resultando na morte de um ciclista de 55 anos. A equipe de emerg\u00eancia foi chamada ao local ap\u00f3s receber um chamado relatando a colis\u00e3o. O acidente aconteceu quando o condutor de um caminh\u00e3o, [&hellip;]<\/p>\n","protected":false},"author":2,"featured_media":25155,"comment_status":"open","ping_status":"open","sticky":false,"template":"","format":"standard","meta":{"footnotes":""},"categories":[185],"tags":[172],"class_list":["post-25152","post","type-post","status-publish","format-standard","has-post-thumbnail","hentry","category-regional","tag-featured"],"amp_enabled":true,"_links":{"self":[{"href":"https:\/\/radiostudiow.com.br\/site\/wp-json\/wp\/v2\/posts\/25152","targetHints":{"allow":["GET"]}}],"collection":[{"href":"https:\/\/radiostudiow.com.br\/site\/wp-json\/wp\/v2\/posts"}],"about":[{"href":"https:\/\/radiostudiow.com.br\/site\/wp-json\/wp\/v2\/types\/post"}],"author":[{"embeddable":true,"href":"https:\/\/radiostudiow.com.br\/site\/wp-json\/wp\/v2\/users\/2"}],"replies":[{"embeddable":true,"href":"https:\/\/radiostudiow.com.br\/site\/wp-json\/wp\/v2\/comments?post=25152"}],"version-history":[{"count":1,"href":"https:\/\/radiostudiow.com.br\/site\/wp-json\/wp\/v2\/posts\/25152\/revisions"}],"predecessor-version":[{"id":25154,"href":"https:\/\/radiostudiow.com.br\/site\/wp-json\/wp\/v2\/posts\/25152\/revisions\/25154"}],"wp:featuredmedia":[{"embeddable":true,"href":"https:\/\/radiostudiow.com.br\/site\/wp-json\/wp\/v2\/media\/25155"}],"wp:attachment":[{"href":"https:\/\/radiostudiow.com.br\/site\/wp-json\/wp\/v2\/media?parent=25152"}],"wp:term":[{"taxonomy":"category","embeddable":true,"href":"https:\/\/radiostudiow.com.br\/site\/wp-json\/wp\/v2\/categories?post=25152"},{"taxonomy":"post_tag","embeddable":true,"href":"https:\/\/radiostudiow.com.br\/site\/wp-json\/wp\/v2\/tags?post=25152"}],"curies":[{"name":"wp","href":"https:\/\/api.w.org\/{rel}","templated":true}]}}