{"id":25168,"date":"2024-07-27T09:54:38","date_gmt":"2024-07-27T12:54:38","guid":{"rendered":"https:\/\/radiostudiow.com.br\/site\/?p=25168"},"modified":"2025-01-31T14:59:05","modified_gmt":"2025-01-31T17:59:05","slug":"abertura-de-edital-para-recuperacao-da-br-476-processo-seletivo-iniciado","status":"publish","type":"post","link":"https:\/\/radiostudiow.com.br\/site\/2024\/07\/27\/abertura-de-edital-para-recuperacao-da-br-476-processo-seletivo-iniciado\/","title":{"rendered":"Abertura de edital para recupera\u00e7\u00e3o da BR-476: processo seletivo iniciado"},"content":{"rendered":"\n<p>No dia 24 de julho de 2024, foi publicado o edital para a contrata\u00e7\u00e3o de uma empresa respons\u00e1vel pelos servi\u00e7os de recupera\u00e7\u00e3o, manuten\u00e7\u00e3o e conserva\u00e7\u00e3o da BR-476, no trecho que se estende entre Uni\u00e3o da Vit\u00f3ria e S\u00e3o Mateus do Sul.<\/p>\n\n\n\n<figure class=\"wp-block-image size-full\"><img loading=\"lazy\" decoding=\"async\" width=\"590\" height=\"204\" src=\"https:\/\/radiostudiow.com.br\/site\/wp-content\/uploads\/2024\/04\/image-9.png\" alt=\"\" class=\"wp-image-21181\" srcset=\"https:\/\/radiostudiow.com.br\/site\/wp-content\/uploads\/2024\/04\/image-9.png 590w, https:\/\/radiostudiow.com.br\/site\/wp-content\/uploads\/2024\/04\/image-9-300x104.png 300w\" sizes=\"auto, (max-width: 590px) 100vw, 590px\" \/><\/figure>\n\n\n\n<p>&nbsp;Este edital marca o in\u00edcio de um processo importante para a melhoria das condi\u00e7\u00f5es dessa rodovia crucial para a regi\u00e3o.<\/p>\n\n\n\n<p>O processo de sele\u00e7\u00e3o para a contrata\u00e7\u00e3o da empresa ser\u00e1 conclu\u00eddo com a abertura das propostas no dia 28 de agosto de 2024.<\/p>\n\n\n\n<p>O Deputado Federal Tadeu Veneri utilizou suas redes sociais para comemorar a publica\u00e7\u00e3o do edital. <em><strong>\u201cRecebemos h\u00e1 pouco a not\u00edcia diretamente do Diretor-Geral do DNIT, Fabr\u00edcio de Oliveira Galv\u00e3o, que j\u00e1 est\u00e1 aberta a licita\u00e7\u00e3o para a recupera\u00e7\u00e3o da BR-476 no trecho entre S\u00e3o Mateus do Sul e Uni\u00e3o da Vit\u00f3ria. Essa ser\u00e1 a maior obra de infraestrutura da regi\u00e3o centro-sul do Paran\u00e1 dos \u00faltimos 10 anos\u201d, <\/strong>acrescentou.<\/em><\/p>\n\n\n\n<figure class=\"wp-block-image size-full\"><img loading=\"lazy\" decoding=\"async\" width=\"897\" height=\"204\" src=\"https:\/\/radiostudiow.com.br\/site\/wp-content\/uploads\/2024\/04\/image-15.png\" alt=\"\" class=\"wp-image-21199\" srcset=\"https:\/\/radiostudiow.com.br\/site\/wp-content\/uploads\/2024\/04\/image-15.png 897w, https:\/\/radiostudiow.com.br\/site\/wp-content\/uploads\/2024\/04\/image-15-300x68.png 300w, https:\/\/radiostudiow.com.br\/site\/wp-content\/uploads\/2024\/04\/image-15-768x175.png 768w\" sizes=\"auto, (max-width: 897px) 100vw, 897px\" \/><\/figure>\n\n\n\n<figure class=\"wp-block-image size-full\"><img loading=\"lazy\" decoding=\"async\" width=\"954\" height=\"550\" src=\"https:\/\/radiostudiow.com.br\/site\/wp-content\/uploads\/2024\/07\/02-2.jpg\" alt=\"\" class=\"wp-image-25170\" srcset=\"https:\/\/radiostudiow.com.br\/site\/wp-content\/uploads\/2024\/07\/02-2.jpg 954w, https:\/\/radiostudiow.com.br\/site\/wp-content\/uploads\/2024\/07\/02-2-300x173.jpg 300w, https:\/\/radiostudiow.com.br\/site\/wp-content\/uploads\/2024\/07\/02-2-768x443.jpg 768w\" sizes=\"auto, (max-width: 954px) 100vw, 954px\" \/><\/figure>\n","protected":false},"excerpt":{"rendered":"<p>No dia 24 de julho de 2024, foi publicado o edital para a contrata\u00e7\u00e3o de uma empresa respons\u00e1vel pelos servi\u00e7os de recupera\u00e7\u00e3o, manuten\u00e7\u00e3o e conserva\u00e7\u00e3o da BR-476, no trecho que se estende entre Uni\u00e3o da Vit\u00f3ria e S\u00e3o Mateus do Sul. &nbsp;Este edital marca o in\u00edcio de um processo importante para a melhoria das condi\u00e7\u00f5es [&hellip;]<\/p>\n","protected":false},"author":2,"featured_media":25169,"comment_status":"open","ping_status":"open","sticky":false,"template":"","format":"standard","meta":{"footnotes":""},"categories":[185],"tags":[172],"class_list":["post-25168","post","type-post","status-publish","format-standard","has-post-thumbnail","hentry","category-regional","tag-featured"],"amp_enabled":true,"_links":{"self":[{"href":"https:\/\/radiostudiow.com.br\/site\/wp-json\/wp\/v2\/posts\/25168","targetHints":{"allow":["GET"]}}],"collection":[{"href":"https:\/\/radiostudiow.com.br\/site\/wp-json\/wp\/v2\/posts"}],"about":[{"href":"https:\/\/radiostudiow.com.br\/site\/wp-json\/wp\/v2\/types\/post"}],"author":[{"embeddable":true,"href":"https:\/\/radiostudiow.com.br\/site\/wp-json\/wp\/v2\/users\/2"}],"replies":[{"embeddable":true,"href":"https:\/\/radiostudiow.com.br\/site\/wp-json\/wp\/v2\/comments?post=25168"}],"version-history":[{"count":1,"href":"https:\/\/radiostudiow.com.br\/site\/wp-json\/wp\/v2\/posts\/25168\/revisions"}],"predecessor-version":[{"id":25171,"href":"https:\/\/radiostudiow.com.br\/site\/wp-json\/wp\/v2\/posts\/25168\/revisions\/25171"}],"wp:featuredmedia":[{"embeddable":true,"href":"https:\/\/radiostudiow.com.br\/site\/wp-json\/wp\/v2\/media\/25169"}],"wp:attachment":[{"href":"https:\/\/radiostudiow.com.br\/site\/wp-json\/wp\/v2\/media?parent=25168"}],"wp:term":[{"taxonomy":"category","embeddable":true,"href":"https:\/\/radiostudiow.com.br\/site\/wp-json\/wp\/v2\/categories?post=25168"},{"taxonomy":"post_tag","embeddable":true,"href":"https:\/\/radiostudiow.com.br\/site\/wp-json\/wp\/v2\/tags?post=25168"}],"curies":[{"name":"wp","href":"https:\/\/api.w.org\/{rel}","templated":true}]}}