{"id":25177,"date":"2024-07-27T10:14:00","date_gmt":"2024-07-27T13:14:00","guid":{"rendered":"https:\/\/radiostudiow.com.br\/site\/?p=25177"},"modified":"2025-01-31T14:59:05","modified_gmt":"2025-01-31T17:59:05","slug":"policia-militar-apreende-motocicleta-e-autua-condutor-sem-habilitacao-em-paula-freitas","status":"publish","type":"post","link":"https:\/\/radiostudiow.com.br\/site\/2024\/07\/27\/policia-militar-apreende-motocicleta-e-autua-condutor-sem-habilitacao-em-paula-freitas\/","title":{"rendered":"Pol\u00edcia Militar Apreende Motocicleta e Autua Condutor sem Habilita\u00e7\u00e3o em Paula Freitas"},"content":{"rendered":"\n<p>Na tarde da \u00faltima quinta-feira, dia 25 de junho, por volta das 17h44, uma a\u00e7\u00e3o da Pol\u00edcia Militar no bairro Maria An\u00edsia, no centro de Paula Freitas, resultou na apreens\u00e3o de uma motocicleta e na autua\u00e7\u00e3o de um condutor sem habilita\u00e7\u00e3o.<\/p>\n\n\n\n<figure class=\"wp-block-gallery has-nested-images columns-default is-cropped wp-block-gallery-1 is-layout-flex wp-block-gallery-is-layout-flex\">\n<figure class=\"wp-block-image size-large\"><img decoding=\"async\" data-id=\"21854\" src=\"https:\/\/radiostudiow.com.br\/site\/wp-content\/uploads\/2024\/04\/SITE-MEDIO.png\" alt=\"\" class=\"wp-image-21854\"\/><\/figure>\n<\/figure>\n\n\n\n<p>A opera\u00e7\u00e3o ocorreu durante um patrulhamento de rotina, quando a equipe policial avistou um indiv\u00edduo pilotando uma motocicleta cujo sistema de escapamento havia sido modificado.<\/p>\n\n\n\n<p>De imediato, os agentes procederam com a abordagem do motociclista, que foi revistado no local. Durante a revista, n\u00e3o foram encontradas subst\u00e2ncias ou objetos il\u00edcitos com o indiv\u00edduo. No entanto, ao verificar a documenta\u00e7\u00e3o do condutor no sistema informatizado, constatou-se que ele n\u00e3o possu\u00eda Carteira Nacional de Habilita\u00e7\u00e3o (CNH).<\/p>\n\n\n\n<figure class=\"wp-block-image size-full\"><img loading=\"lazy\" decoding=\"async\" width=\"300\" height=\"180\" src=\"https:\/\/radiostudiow.com.br\/site\/wp-content\/uploads\/2024\/04\/image-26.png\" alt=\"\" class=\"wp-image-21279\"\/><\/figure>\n\n\n\n<p>Diante da infra\u00e7\u00e3o, a motocicleta foi recolhida e foram tomadas as medidas administrativas cab\u00edveis. A apreens\u00e3o do ve\u00edculo e a falta de habilita\u00e7\u00e3o do condutor configuram infra\u00e7\u00f5es que colocam em risco a seguran\u00e7a vi\u00e1ria, justificando a a\u00e7\u00e3o policial.<\/p>\n","protected":false},"excerpt":{"rendered":"<p>Na tarde da \u00faltima quinta-feira, dia 25 de junho, por volta das 17h44, uma a\u00e7\u00e3o da Pol\u00edcia Militar no bairro Maria An\u00edsia, no centro de Paula Freitas, resultou na apreens\u00e3o de uma motocicleta e na autua\u00e7\u00e3o de um condutor sem habilita\u00e7\u00e3o. A opera\u00e7\u00e3o ocorreu durante um patrulhamento de rotina, quando a equipe policial avistou um [&hellip;]<\/p>\n","protected":false},"author":2,"featured_media":21681,"comment_status":"open","ping_status":"open","sticky":false,"template":"","format":"standard","meta":{"footnotes":""},"categories":[2],"tags":[172],"class_list":["post-25177","post","type-post","status-publish","format-standard","has-post-thumbnail","hentry","category-policial","tag-featured"],"amp_enabled":true,"_links":{"self":[{"href":"https:\/\/radiostudiow.com.br\/site\/wp-json\/wp\/v2\/posts\/25177","targetHints":{"allow":["GET"]}}],"collection":[{"href":"https:\/\/radiostudiow.com.br\/site\/wp-json\/wp\/v2\/posts"}],"about":[{"href":"https:\/\/radiostudiow.com.br\/site\/wp-json\/wp\/v2\/types\/post"}],"author":[{"embeddable":true,"href":"https:\/\/radiostudiow.com.br\/site\/wp-json\/wp\/v2\/users\/2"}],"replies":[{"embeddable":true,"href":"https:\/\/radiostudiow.com.br\/site\/wp-json\/wp\/v2\/comments?post=25177"}],"version-history":[{"count":1,"href":"https:\/\/radiostudiow.com.br\/site\/wp-json\/wp\/v2\/posts\/25177\/revisions"}],"predecessor-version":[{"id":25178,"href":"https:\/\/radiostudiow.com.br\/site\/wp-json\/wp\/v2\/posts\/25177\/revisions\/25178"}],"wp:featuredmedia":[{"embeddable":true,"href":"https:\/\/radiostudiow.com.br\/site\/wp-json\/wp\/v2\/media\/21681"}],"wp:attachment":[{"href":"https:\/\/radiostudiow.com.br\/site\/wp-json\/wp\/v2\/media?parent=25177"}],"wp:term":[{"taxonomy":"category","embeddable":true,"href":"https:\/\/radiostudiow.com.br\/site\/wp-json\/wp\/v2\/categories?post=25177"},{"taxonomy":"post_tag","embeddable":true,"href":"https:\/\/radiostudiow.com.br\/site\/wp-json\/wp\/v2\/tags?post=25177"}],"curies":[{"name":"wp","href":"https:\/\/api.w.org\/{rel}","templated":true}]}}