{"id":25181,"date":"2024-07-27T10:27:13","date_gmt":"2024-07-27T13:27:13","guid":{"rendered":"https:\/\/radiostudiow.com.br\/site\/?p=25181"},"modified":"2025-01-31T14:59:05","modified_gmt":"2025-01-31T17:59:05","slug":"policia-militar-de-uniao-da-vitoria-efetua-apreensao-de-armas-e-carcacas","status":"publish","type":"post","link":"https:\/\/radiostudiow.com.br\/site\/2024\/07\/27\/policia-militar-de-uniao-da-vitoria-efetua-apreensao-de-armas-e-carcacas\/","title":{"rendered":"Pol\u00edcia Militar de Uni\u00e3o da Vit\u00f3ria efetua apreens\u00e3o de armas e carca\u00e7as"},"content":{"rendered":"\n<p>A equipe da Pol\u00edcia Militar de Uni\u00e3o da Vit\u00f3ria, atrav\u00e9s da ROTAM, estava em patrulhamento na tarde desta sexta-feira, 26 de julho, quando se deparou com uma resid\u00eancia em S\u00e3o Sebasti\u00e3o, conhecida por ser frequentada por um indiv\u00edduo que realiza consertos em armamentos.<\/p>\n\n\n\n<figure class=\"wp-block-image size-full\"><img loading=\"lazy\" decoding=\"async\" width=\"897\" height=\"204\" src=\"https:\/\/radiostudiow.com.br\/site\/wp-content\/uploads\/2024\/04\/image-15.png\" alt=\"\" class=\"wp-image-21199\" srcset=\"https:\/\/radiostudiow.com.br\/site\/wp-content\/uploads\/2024\/04\/image-15.png 897w, https:\/\/radiostudiow.com.br\/site\/wp-content\/uploads\/2024\/04\/image-15-300x68.png 300w, https:\/\/radiostudiow.com.br\/site\/wp-content\/uploads\/2024\/04\/image-15-768x175.png 768w\" sizes=\"auto, (max-width: 897px) 100vw, 897px\" \/><\/figure>\n\n\n\n<p>Durante a abordagem, o suspeito confirmou \u00e0 equipe que possu\u00eda tr\u00eas espingardas e diversas carca\u00e7as de armas em sua resid\u00eancia. O material foi prontamente apreendido e o autor foi conduzido \u00e0 Delegacia para as devidas provid\u00eancias legais.<\/p>\n","protected":false},"excerpt":{"rendered":"<p>A equipe da Pol\u00edcia Militar de Uni\u00e3o da Vit\u00f3ria, atrav\u00e9s da ROTAM, estava em patrulhamento na tarde desta sexta-feira, 26 de julho, quando se deparou com uma resid\u00eancia em S\u00e3o Sebasti\u00e3o, conhecida por ser frequentada por um indiv\u00edduo que realiza consertos em armamentos. Durante a abordagem, o suspeito confirmou \u00e0 equipe que possu\u00eda tr\u00eas espingardas [&hellip;]<\/p>\n","protected":false},"author":2,"featured_media":25182,"comment_status":"open","ping_status":"open","sticky":false,"template":"","format":"standard","meta":{"footnotes":""},"categories":[2],"tags":[172],"class_list":["post-25181","post","type-post","status-publish","format-standard","has-post-thumbnail","hentry","category-policial","tag-featured"],"amp_enabled":true,"_links":{"self":[{"href":"https:\/\/radiostudiow.com.br\/site\/wp-json\/wp\/v2\/posts\/25181","targetHints":{"allow":["GET"]}}],"collection":[{"href":"https:\/\/radiostudiow.com.br\/site\/wp-json\/wp\/v2\/posts"}],"about":[{"href":"https:\/\/radiostudiow.com.br\/site\/wp-json\/wp\/v2\/types\/post"}],"author":[{"embeddable":true,"href":"https:\/\/radiostudiow.com.br\/site\/wp-json\/wp\/v2\/users\/2"}],"replies":[{"embeddable":true,"href":"https:\/\/radiostudiow.com.br\/site\/wp-json\/wp\/v2\/comments?post=25181"}],"version-history":[{"count":1,"href":"https:\/\/radiostudiow.com.br\/site\/wp-json\/wp\/v2\/posts\/25181\/revisions"}],"predecessor-version":[{"id":25183,"href":"https:\/\/radiostudiow.com.br\/site\/wp-json\/wp\/v2\/posts\/25181\/revisions\/25183"}],"wp:featuredmedia":[{"embeddable":true,"href":"https:\/\/radiostudiow.com.br\/site\/wp-json\/wp\/v2\/media\/25182"}],"wp:attachment":[{"href":"https:\/\/radiostudiow.com.br\/site\/wp-json\/wp\/v2\/media?parent=25181"}],"wp:term":[{"taxonomy":"category","embeddable":true,"href":"https:\/\/radiostudiow.com.br\/site\/wp-json\/wp\/v2\/categories?post=25181"},{"taxonomy":"post_tag","embeddable":true,"href":"https:\/\/radiostudiow.com.br\/site\/wp-json\/wp\/v2\/tags?post=25181"}],"curies":[{"name":"wp","href":"https:\/\/api.w.org\/{rel}","templated":true}]}}