{"id":25184,"date":"2024-07-27T10:30:25","date_gmt":"2024-07-27T13:30:25","guid":{"rendered":"https:\/\/radiostudiow.com.br\/site\/?p=25184"},"modified":"2025-01-31T14:59:05","modified_gmt":"2025-01-31T17:59:05","slug":"psd-e-pp-realizam-convencao-e-anunciam-chico-e-lorena-como-candidatos-as-eleicoes-municipais-em-mallet","status":"publish","type":"post","link":"https:\/\/radiostudiow.com.br\/site\/2024\/07\/27\/psd-e-pp-realizam-convencao-e-anunciam-chico-e-lorena-como-candidatos-as-eleicoes-municipais-em-mallet\/","title":{"rendered":"PSD e PP Realizam Conven\u00e7\u00e3o e Anunciam Chico e Lorena como Candidatos \u00e0s Elei\u00e7\u00f5es Municipais em Mallet"},"content":{"rendered":"\n<p>Na noite de sexta-feira, 26 de julho, o Clube Cop\u00e9rnico, em Mallet, sediou a conven\u00e7\u00e3o partid\u00e1ria conjunta do PSD (Partido Social Democr\u00e1tico) e do PP (Partido Progressista).<\/p>\n\n\n\n<p>Durante o evento, foram anunciados os candidatos que disputar\u00e3o as elei\u00e7\u00f5es municipais de 2024.<\/p>\n\n\n\n<p>A conven\u00e7\u00e3o foi aberta pelos presidentes do PSD, Moacir Alfredo Szinvelski, e do PP, Lilian Matilde Lipka Makoski.<\/p>\n\n\n\n<p>Com a presen\u00e7a de diversos membros e apoiadores, os partidos confirmaram a alian\u00e7a para as pr\u00f3ximas elei\u00e7\u00f5es.<\/p>\n\n\n\n<p>O PSD lan\u00e7ou Francisco Jos\u00e9 Makoski, conhecido popularmente de Chico, como candidato a prefeito, e Lorena Aparecida Soares, chamada de Lorena da Sa\u00fade, como candidata a vice-prefeita.<\/p>\n\n\n\n<figure class=\"wp-block-image size-large\"><img loading=\"lazy\" decoding=\"async\" width=\"1024\" height=\"576\" src=\"https:\/\/radiostudiow.com.br\/site\/wp-content\/uploads\/2024\/07\/58ffa14b-9044-4506-92cc-d85d3e4b2179-1024x576.jpeg\" alt=\"\" class=\"wp-image-25185\" srcset=\"https:\/\/radiostudiow.com.br\/site\/wp-content\/uploads\/2024\/07\/58ffa14b-9044-4506-92cc-d85d3e4b2179-1024x576.jpeg 1024w, https:\/\/radiostudiow.com.br\/site\/wp-content\/uploads\/2024\/07\/58ffa14b-9044-4506-92cc-d85d3e4b2179-300x169.jpeg 300w, https:\/\/radiostudiow.com.br\/site\/wp-content\/uploads\/2024\/07\/58ffa14b-9044-4506-92cc-d85d3e4b2179-768x432.jpeg 768w, https:\/\/radiostudiow.com.br\/site\/wp-content\/uploads\/2024\/07\/58ffa14b-9044-4506-92cc-d85d3e4b2179-1536x864.jpeg 1536w, https:\/\/radiostudiow.com.br\/site\/wp-content\/uploads\/2024\/07\/58ffa14b-9044-4506-92cc-d85d3e4b2179.jpeg 1600w\" sizes=\"auto, (max-width: 1024px) 100vw, 1024px\" \/><\/figure>\n\n\n\n<p>O PP optou por n\u00e3o apresentar candidatos pr\u00f3prios para os cargos majorit\u00e1rios e decidiu apoiar a chapa formada pelo PSD.<\/p>\n\n\n\n<p>Al\u00e9m disso, foram definidos os n\u00fameros dos candidatos a vereador e vereadora de ambos os partidos.<\/p>\n\n\n\n<p>A coliga\u00e7\u00e3o PSD-PP tem at\u00e9 o dia 15 de agosto para registrar oficialmente as candidaturas.<\/p>\n\n\n\n<p>Outros partidos em Mallet t\u00eam at\u00e9 agora segunda-feira, 05 de agosto, para realizar suas conven\u00e7\u00f5es e definir seus candidatos.<\/p>\n\n\n\n<p>Ap\u00f3s essa data, o cen\u00e1rio eleitoral para as elei\u00e7\u00f5es municipais de 2024 em Mallet estar\u00e1 completo.<\/p>\n","protected":false},"excerpt":{"rendered":"<p>Na noite de sexta-feira, 26 de julho, o Clube Cop\u00e9rnico, em Mallet, sediou a conven\u00e7\u00e3o partid\u00e1ria conjunta do PSD (Partido Social Democr\u00e1tico) e do PP (Partido Progressista). Durante o evento, foram anunciados os candidatos que disputar\u00e3o as elei\u00e7\u00f5es municipais de 2024. A conven\u00e7\u00e3o foi aberta pelos presidentes do PSD, Moacir Alfredo Szinvelski, e do PP, [&hellip;]<\/p>\n","protected":false},"author":2,"featured_media":25186,"comment_status":"open","ping_status":"open","sticky":false,"template":"","format":"standard","meta":{"footnotes":""},"categories":[184],"tags":[172],"class_list":["post-25184","post","type-post","status-publish","format-standard","has-post-thumbnail","hentry","category-local","tag-featured"],"amp_enabled":true,"_links":{"self":[{"href":"https:\/\/radiostudiow.com.br\/site\/wp-json\/wp\/v2\/posts\/25184","targetHints":{"allow":["GET"]}}],"collection":[{"href":"https:\/\/radiostudiow.com.br\/site\/wp-json\/wp\/v2\/posts"}],"about":[{"href":"https:\/\/radiostudiow.com.br\/site\/wp-json\/wp\/v2\/types\/post"}],"author":[{"embeddable":true,"href":"https:\/\/radiostudiow.com.br\/site\/wp-json\/wp\/v2\/users\/2"}],"replies":[{"embeddable":true,"href":"https:\/\/radiostudiow.com.br\/site\/wp-json\/wp\/v2\/comments?post=25184"}],"version-history":[{"count":1,"href":"https:\/\/radiostudiow.com.br\/site\/wp-json\/wp\/v2\/posts\/25184\/revisions"}],"predecessor-version":[{"id":25187,"href":"https:\/\/radiostudiow.com.br\/site\/wp-json\/wp\/v2\/posts\/25184\/revisions\/25187"}],"wp:featuredmedia":[{"embeddable":true,"href":"https:\/\/radiostudiow.com.br\/site\/wp-json\/wp\/v2\/media\/25186"}],"wp:attachment":[{"href":"https:\/\/radiostudiow.com.br\/site\/wp-json\/wp\/v2\/media?parent=25184"}],"wp:term":[{"taxonomy":"category","embeddable":true,"href":"https:\/\/radiostudiow.com.br\/site\/wp-json\/wp\/v2\/categories?post=25184"},{"taxonomy":"post_tag","embeddable":true,"href":"https:\/\/radiostudiow.com.br\/site\/wp-json\/wp\/v2\/tags?post=25184"}],"curies":[{"name":"wp","href":"https:\/\/api.w.org\/{rel}","templated":true}]}}