{"id":25204,"date":"2024-07-28T13:47:56","date_gmt":"2024-07-28T16:47:56","guid":{"rendered":"https:\/\/radiostudiow.com.br\/site\/?p=25204"},"modified":"2025-01-31T14:59:05","modified_gmt":"2025-01-31T17:59:05","slug":"mallet-conquista-titulo-inedito-no-parana-bom-de-bola-2024","status":"publish","type":"post","link":"https:\/\/radiostudiow.com.br\/site\/2024\/07\/28\/mallet-conquista-titulo-inedito-no-parana-bom-de-bola-2024\/","title":{"rendered":"T\u00cdTULO IN\u00c9DITO! MALLET \u00c9 CAMPE\u00c3O NO PARAN\u00c1 BOM DE BOLA 2024 NO SUB16 MASCULINO"},"content":{"rendered":"\n<figure class=\"wp-block-image size-full\"><img decoding=\"async\" src=\"https:\/\/radiostudiow.com.br\/site\/wp-content\/uploads\/2024\/01\/SITE-GRANDE.png\" alt=\"\" class=\"wp-image-18949\"\/><\/figure>\n\n\n\n<p><\/p>\n\n\n\n<p>A sele\u00e7\u00e3o masculina de futebol de campo sub-16 de Mallet conquistou pela primeira vez o t\u00edtulo da Fase Macrorregional do Paran\u00e1 Bom de Bola 2024, ap\u00f3s uma emocionante vit\u00f3ria nos p\u00eanaltis contra Paranagu\u00e1. O torneio foi realizado em Guarapuava, e a equipe malletense garantiu sua vaga na Fase Estadual Final, que ocorrer\u00e1 em Arapongas.<\/p>\n\n\n\n<p style=\"font-size:35px\"><strong>Trajet\u00f3ria de Supera\u00e7\u00e3o<\/strong><\/p>\n\n\n\n<p>Ap\u00f3s <a><\/a>conquistar o segundo lugar na Fase Regional do Paran\u00e1 Bom de Bola em maio, em Reserva do Igua\u00e7u, a equipe sub-16 de Mallet mostrou grande evolu\u00e7\u00e3o ao vencer Paranagu\u00e1 por 4 a 2 nas penalidades, ap\u00f3s um eletrizante empate de 3 a 3 no tempo regulamentar. Os gols de Mallet durante o jogo foram marcados por Jean Iago Rizzi, Matheus Izack Machado e Luis Henrique Duda Gobi.<\/p>\n\n\n\n<p>O t\u00e9cnico Gilmar Uniat destacou a determina\u00e7\u00e3o da equipe: &#8220;Dessa vez foi diferente. Nossa sele\u00e7\u00e3o foi com &#8216;sangue nos olhos&#8217; e conquistou o t\u00e3o sonhado primeiro lugar&#8221;, comemorou o treinador, enfatizando a frieza dos jogadores nas cobran\u00e7as de p\u00eanaltis. O time tamb\u00e9m contou com o aux\u00edlio t\u00e9cnico de Eduardo Ratusniak.<\/p>\n\n\n\n<p><\/p>\n\n\n\n<figure class=\"wp-block-image size-full\"><img loading=\"lazy\" decoding=\"async\" width=\"897\" height=\"204\" src=\"https:\/\/radiostudiow.com.br\/site\/wp-content\/uploads\/2024\/01\/SITE-GRANDE3.png\" alt=\"zaions\" class=\"wp-image-18936\" srcset=\"https:\/\/radiostudiow.com.br\/site\/wp-content\/uploads\/2024\/01\/SITE-GRANDE3.png 897w, https:\/\/radiostudiow.com.br\/site\/wp-content\/uploads\/2024\/01\/SITE-GRANDE3-300x68.png 300w, https:\/\/radiostudiow.com.br\/site\/wp-content\/uploads\/2024\/01\/SITE-GRANDE3-768x175.png 768w\" sizes=\"auto, (max-width: 897px) 100vw, 897px\" \/><\/figure>\n\n\n\n<p style=\"font-size:35px\"><strong>Destaques da Partida<\/strong><\/p>\n\n\n\n<p>A decis\u00e3o por p\u00eanaltis foi marcada pela precis\u00e3o dos jovens jogadores de Mallet. Cristiano Ronaldo Ferreira, Luis Henrique Duda Gobi, Alisson Iuri Ferreira dos Santos e Jo\u00e3o Francisco Marciniak converteram suas cobran\u00e7as com sucesso. O goleiro Yuri Geovane Rozario foi outro grande destaque, defendendo duas cobran\u00e7as advers\u00e1rias e garantindo o triunfo malletense.<\/p>\n\n\n\n<p style=\"font-size:35px\"><strong>Elenco Campe\u00e3o<\/strong><\/p>\n\n\n\n<p>A equipe campe\u00e3 foi composta pelos seguintes atletas, al\u00e9m de sua equipe t\u00e9cnica:<\/p>\n\n\n\n<p class=\"has-medium-font-size\"><strong>Jogadores:<\/strong><\/p>\n\n\n\n<p><strong>&#8211; Alisson Iuri Ferreira dos Santos<\/strong><\/p>\n\n\n\n<p><strong>&#8211; Cristiano Ronaldo Ferreira<\/strong><\/p>\n\n\n\n<p><strong>&#8211; Diogo Louren\u00e7o de Souza<\/strong><\/p>\n\n\n\n<p><strong>&#8211; Diogo Luan Meira Ribeiro<\/strong><\/p>\n\n\n\n<p><strong>&#8211; Emanuel Alberto Majewski Rodrigues<\/strong><\/p>\n\n\n\n<p><strong>&#8211; Erick Vinicius Ramos Gon\u00e7alves<\/strong><\/p>\n\n\n\n<p><strong>&#8211; Gabriel Alves de Souza<\/strong><\/p>\n\n\n\n<p><strong>&#8211; Gilberto Wachowicz<\/strong><\/p>\n\n\n\n<p><strong>&#8211; Gustavo Pereira Leite<\/strong><\/p>\n\n\n\n<p><strong>&#8211; Jean Yago Rizzi<\/strong><\/p>\n\n\n\n<p><strong>&#8211; Jo\u00e3o Francisco Marciniak<\/strong><\/p>\n\n\n\n<p><strong>&#8211; Kelvin Kau\u00ea Przysbyszewski<\/strong><\/p>\n\n\n\n<p><strong>&#8211; Luiz Henrique Duda Gobi<\/strong><\/p>\n\n\n\n<p><strong>&#8211; Mateus Izack Machado<\/strong><\/p>\n\n\n\n<p><strong>&#8211; Matheus Ariel Greg\u00f3rio<\/strong><\/p>\n\n\n\n<p><strong>&#8211; Miguel Augusto Machado<\/strong><\/p>\n\n\n\n<p><strong>&#8211; Na\u00fa\u00e3 Gabriel Wilke de Oliveira Lima<\/strong><\/p>\n\n\n\n<p><strong>&#8211; Nelton Jos\u00e9 Iwanczuk<\/strong><\/p>\n\n\n\n<p><strong>&#8211; Roger Ismael Franco<\/strong><\/p>\n\n\n\n<p><strong>&#8211; Thiago Eloi Fonteles Paz<\/strong><\/p>\n\n\n\n<p><strong>&#8211; Vin\u00edcius dos Santos Slivinski<\/strong><\/p>\n\n\n\n<p><strong>&#8211; Yuri Geovani Rozario<\/strong><\/p>\n\n\n\n<p class=\"has-medium-font-size\"><strong>Equipe T\u00e9cnica:<\/strong><\/p>\n\n\n\n<p><strong>&#8211; Gilmar Uniat (T\u00e9cnico)<\/strong><\/p>\n\n\n\n<p><strong>&#8211; Eduardo Ratusniak (Auxiliar T\u00e9cnico)<\/strong><\/p>\n\n\n\n<p><\/p>\n\n\n\n<figure class=\"wp-block-image size-full\"><img decoding=\"async\" src=\"https:\/\/radiostudiow.com.br\/site\/wp-content\/uploads\/2024\/03\/bannertijolao.jpg\" alt=\"\" class=\"wp-image-20494\"\/><\/figure>\n\n\n\n<p><\/p>\n\n\n\n<p style=\"font-size:35px\"><strong>Celebra\u00e7\u00e3o e Convite \u00e0 Comunidade<\/strong><\/p>\n\n\n\n<p>A Secretaria de Esportes de Mallet convida toda a comunidade para uma grande carreata em homenagem aos campe\u00f5es. A recep\u00e7\u00e3o dos atletas ser\u00e1 hoje, \u00e0s 15h, no trevo principal da cidade, de onde seguir\u00e1 um desfile pelas ruas centrais. A celebra\u00e7\u00e3o \u00e9 uma oportunidade para reconhecer o esfor\u00e7o e o talento dos jovens jogadores que levaram Mallet a uma vit\u00f3ria hist\u00f3rica.<\/p>\n\n\n\n<p>Com essa vit\u00f3ria, Mallet n\u00e3o apenas assegura uma vaga na pr\u00f3xima etapa do campeonato, mas tamb\u00e9m inspira futuras gera\u00e7\u00f5es de atletas na cidade.<\/p>\n\n\n\n<p style=\"font-size:35px\"><strong>O t\u00edtulo da Fase<\/strong><\/p>\n\n\n\n<p>Macrorregional S\u00e9rie Prata do Paran\u00e1 Bom de Bola 2024 \u00e9 um marco na hist\u00f3ria esportiva local e um testemunho do potencial do esporte como meio de desenvolvimento e uni\u00e3o comunit\u00e1ria.<\/p>\n\n\n\n<p><\/p>\n\n\n\n<figure class=\"wp-block-gallery has-nested-images columns-1 is-cropped wp-block-gallery-1 is-layout-flex wp-block-gallery-is-layout-flex\">\n<figure class=\"wp-block-image size-large\"><img loading=\"lazy\" decoding=\"async\" width=\"1024\" height=\"768\" data-id=\"25208\" src=\"https:\/\/radiostudiow.com.br\/site\/wp-content\/uploads\/2024\/07\/image-31-1024x768.png\" alt=\"\" class=\"wp-image-25208\" srcset=\"https:\/\/radiostudiow.com.br\/site\/wp-content\/uploads\/2024\/07\/image-31-1024x768.png 1024w, https:\/\/radiostudiow.com.br\/site\/wp-content\/uploads\/2024\/07\/image-31-300x225.png 300w, https:\/\/radiostudiow.com.br\/site\/wp-content\/uploads\/2024\/07\/image-31-768x576.png 768w, https:\/\/radiostudiow.com.br\/site\/wp-content\/uploads\/2024\/07\/image-31-1536x1152.png 1536w, https:\/\/radiostudiow.com.br\/site\/wp-content\/uploads\/2024\/07\/image-31.png 1600w\" sizes=\"auto, (max-width: 1024px) 100vw, 1024px\" \/><\/figure>\n\n\n\n<figure class=\"wp-block-image size-large\"><img loading=\"lazy\" decoding=\"async\" width=\"1024\" height=\"768\" data-id=\"25207\" src=\"https:\/\/radiostudiow.com.br\/site\/wp-content\/uploads\/2024\/07\/image-30-1024x768.png\" alt=\"\" class=\"wp-image-25207\" srcset=\"https:\/\/radiostudiow.com.br\/site\/wp-content\/uploads\/2024\/07\/image-30-1024x768.png 1024w, https:\/\/radiostudiow.com.br\/site\/wp-content\/uploads\/2024\/07\/image-30-300x225.png 300w, https:\/\/radiostudiow.com.br\/site\/wp-content\/uploads\/2024\/07\/image-30-768x576.png 768w, https:\/\/radiostudiow.com.br\/site\/wp-content\/uploads\/2024\/07\/image-30-1536x1152.png 1536w, https:\/\/radiostudiow.com.br\/site\/wp-content\/uploads\/2024\/07\/image-30.png 1600w\" sizes=\"auto, (max-width: 1024px) 100vw, 1024px\" \/><\/figure>\n\n\n\n<figure class=\"wp-block-image size-large\"><img loading=\"lazy\" decoding=\"async\" width=\"1024\" height=\"768\" data-id=\"25206\" src=\"https:\/\/radiostudiow.com.br\/site\/wp-content\/uploads\/2024\/07\/image-29-1024x768.png\" alt=\"\" class=\"wp-image-25206\" srcset=\"https:\/\/radiostudiow.com.br\/site\/wp-content\/uploads\/2024\/07\/image-29-1024x768.png 1024w, https:\/\/radiostudiow.com.br\/site\/wp-content\/uploads\/2024\/07\/image-29-300x225.png 300w, https:\/\/radiostudiow.com.br\/site\/wp-content\/uploads\/2024\/07\/image-29-768x576.png 768w, https:\/\/radiostudiow.com.br\/site\/wp-content\/uploads\/2024\/07\/image-29-1536x1152.png 1536w, https:\/\/radiostudiow.com.br\/site\/wp-content\/uploads\/2024\/07\/image-29.png 1600w\" sizes=\"auto, (max-width: 1024px) 100vw, 1024px\" \/><\/figure>\n\n\n\n<figure class=\"wp-block-image size-large\"><img loading=\"lazy\" decoding=\"async\" width=\"1024\" height=\"768\" data-id=\"25205\" src=\"https:\/\/radiostudiow.com.br\/site\/wp-content\/uploads\/2024\/07\/image-28-1024x768.png\" alt=\"\" class=\"wp-image-25205\" srcset=\"https:\/\/radiostudiow.com.br\/site\/wp-content\/uploads\/2024\/07\/image-28-1024x768.png 1024w, https:\/\/radiostudiow.com.br\/site\/wp-content\/uploads\/2024\/07\/image-28-300x225.png 300w, https:\/\/radiostudiow.com.br\/site\/wp-content\/uploads\/2024\/07\/image-28-768x576.png 768w, https:\/\/radiostudiow.com.br\/site\/wp-content\/uploads\/2024\/07\/image-28.png 1288w\" sizes=\"auto, (max-width: 1024px) 100vw, 1024px\" \/><\/figure>\n<\/figure>\n\n\n\n<p><\/p>\n\n\n\n<figure class=\"wp-block-image size-full\"><img decoding=\"async\" src=\"https:\/\/radiostudiow.com.br\/site\/wp-content\/uploads\/2024\/04\/SITE-MEDIO.png\" alt=\"\" class=\"wp-image-21854\"\/><\/figure>\n\n\n\n<p><\/p>\n","protected":false},"excerpt":{"rendered":"<p>A sele\u00e7\u00e3o masculina de futebol de campo sub-16 de Mallet conquistou pela primeira vez o t\u00edtulo da Fase Macrorregional do Paran\u00e1 Bom de Bola 2024, ap\u00f3s uma emocionante vit\u00f3ria nos p\u00eanaltis contra Paranagu\u00e1. O torneio foi realizado em Guarapuava, e a equipe malletense garantiu sua vaga na Fase Estadual Final, que ocorrer\u00e1 em Arapongas. Trajet\u00f3ria [&hellip;]<\/p>\n","protected":false},"author":2,"featured_media":25205,"comment_status":"open","ping_status":"open","sticky":false,"template":"","format":"standard","meta":{"footnotes":""},"categories":[184],"tags":[172],"class_list":["post-25204","post","type-post","status-publish","format-standard","has-post-thumbnail","hentry","category-local","tag-featured"],"amp_enabled":true,"_links":{"self":[{"href":"https:\/\/radiostudiow.com.br\/site\/wp-json\/wp\/v2\/posts\/25204","targetHints":{"allow":["GET"]}}],"collection":[{"href":"https:\/\/radiostudiow.com.br\/site\/wp-json\/wp\/v2\/posts"}],"about":[{"href":"https:\/\/radiostudiow.com.br\/site\/wp-json\/wp\/v2\/types\/post"}],"author":[{"embeddable":true,"href":"https:\/\/radiostudiow.com.br\/site\/wp-json\/wp\/v2\/users\/2"}],"replies":[{"embeddable":true,"href":"https:\/\/radiostudiow.com.br\/site\/wp-json\/wp\/v2\/comments?post=25204"}],"version-history":[{"count":3,"href":"https:\/\/radiostudiow.com.br\/site\/wp-json\/wp\/v2\/posts\/25204\/revisions"}],"predecessor-version":[{"id":25258,"href":"https:\/\/radiostudiow.com.br\/site\/wp-json\/wp\/v2\/posts\/25204\/revisions\/25258"}],"wp:featuredmedia":[{"embeddable":true,"href":"https:\/\/radiostudiow.com.br\/site\/wp-json\/wp\/v2\/media\/25205"}],"wp:attachment":[{"href":"https:\/\/radiostudiow.com.br\/site\/wp-json\/wp\/v2\/media?parent=25204"}],"wp:term":[{"taxonomy":"category","embeddable":true,"href":"https:\/\/radiostudiow.com.br\/site\/wp-json\/wp\/v2\/categories?post=25204"},{"taxonomy":"post_tag","embeddable":true,"href":"https:\/\/radiostudiow.com.br\/site\/wp-json\/wp\/v2\/tags?post=25204"}],"curies":[{"name":"wp","href":"https:\/\/api.w.org\/{rel}","templated":true}]}}