{"id":25214,"date":"2024-07-30T09:20:33","date_gmt":"2024-07-30T12:20:33","guid":{"rendered":"https:\/\/radiostudiow.com.br\/site\/?p=25214"},"modified":"2025-01-31T14:59:04","modified_gmt":"2025-01-31T17:59:04","slug":"educacao-de-mallet-tem-resultados-positivos-da-avaliacao-formativa","status":"publish","type":"post","link":"https:\/\/radiostudiow.com.br\/site\/2024\/07\/30\/educacao-de-mallet-tem-resultados-positivos-da-avaliacao-formativa\/","title":{"rendered":"Educa\u00e7\u00e3o de Mallet tem resultados positivos da avalia\u00e7\u00e3o formativa"},"content":{"rendered":"\n<p>A aplica\u00e7\u00e3o da Avalia\u00e7\u00e3o Formativa, realizada para todos os alunos do 1\u00ba ao 5\u00ba ano do Ensino Fundamental da Rede Municipal de Ensino, ocorreu com sucesso entre os dias 18 e 28 de junho de 2024. A iniciativa, que visa monitorar e aprimorar o processo de ensino e aprendizagem, trouxe bons resultados para a comunidade escolar.<\/p>\n\n\n\n<figure class=\"wp-block-image size-full\"><img loading=\"lazy\" decoding=\"async\" width=\"897\" height=\"204\" src=\"https:\/\/radiostudiow.com.br\/site\/wp-content\/uploads\/2024\/04\/image-37.png\" alt=\"\" class=\"wp-image-21305\" srcset=\"https:\/\/radiostudiow.com.br\/site\/wp-content\/uploads\/2024\/04\/image-37.png 897w, https:\/\/radiostudiow.com.br\/site\/wp-content\/uploads\/2024\/04\/image-37-300x68.png 300w, https:\/\/radiostudiow.com.br\/site\/wp-content\/uploads\/2024\/04\/image-37-768x175.png 768w\" sizes=\"auto, (max-width: 897px) 100vw, 897px\" \/><\/figure>\n\n\n\n<p><br>De acordo com a equipe pedag\u00f3gica, os dados obtidos na avalia\u00e7\u00e3o t\u00eam sido fundamentais para o aprimoramento dos planejamentos educacionais. A an\u00e1lise das informa\u00e7\u00f5es revelou um avan\u00e7o de 2,5 pontos em compara\u00e7\u00e3o com a avalia\u00e7\u00e3o diagn\u00f3stica realizada entre mar\u00e7o e abril deste ano. Esse progresso evidencia a efic\u00e1cia das estrat\u00e9gias implementadas e o empenho dos profissionais da educa\u00e7\u00e3o no desenvolvimento dos alunos.<\/p>\n\n\n\n<p><br>O aumento de 2,5 pontos reflete o trabalho dedicado e a adapta\u00e7\u00e3o constante das pr\u00e1ticas pedag\u00f3gicas. A equipe est\u00e1 agora focada em identificar tanto as potencialidades quanto as fragilidades encontradas, para adotar estrat\u00e9gias assertivas que reforcem o processo de aprendizagem e melhorem ainda mais os resultados futuros.<\/p>\n\n\n\n<figure class=\"wp-block-image size-full\"><img decoding=\"async\" src=\"https:\/\/radiostudiow.com.br\/site\/wp-content\/uploads\/2024\/04\/SITE-MEDIO.png\" alt=\"\" class=\"wp-image-21854\"\/><\/figure>\n\n\n\n<p><br>A Secretaria de Educa\u00e7\u00e3o expressou grande satisfa\u00e7\u00e3o com os resultados alcan\u00e7ados at\u00e9 o momento.<br>Ainda neste ano letivo, a rede de ensino realizar\u00e1 mais uma edi\u00e7\u00e3o da avalia\u00e7\u00e3o interna. O objetivo \u00e9 continuar monitorando o progresso dos alunos e assegurar que todas as estrat\u00e9gias de ensino estejam alinhadas com as necessidades educacionais dos estudantes.<\/p>\n","protected":false},"excerpt":{"rendered":"<p>A aplica\u00e7\u00e3o da Avalia\u00e7\u00e3o Formativa, realizada para todos os alunos do 1\u00ba ao 5\u00ba ano do Ensino Fundamental da Rede Municipal de Ensino, ocorreu com sucesso entre os dias 18 e 28 de junho de 2024. A iniciativa, que visa monitorar e aprimorar o processo de ensino e aprendizagem, trouxe bons resultados para a comunidade [&hellip;]<\/p>\n","protected":false},"author":2,"featured_media":25215,"comment_status":"open","ping_status":"open","sticky":false,"template":"","format":"standard","meta":{"footnotes":""},"categories":[184],"tags":[172],"class_list":["post-25214","post","type-post","status-publish","format-standard","has-post-thumbnail","hentry","category-local","tag-featured"],"amp_enabled":true,"_links":{"self":[{"href":"https:\/\/radiostudiow.com.br\/site\/wp-json\/wp\/v2\/posts\/25214","targetHints":{"allow":["GET"]}}],"collection":[{"href":"https:\/\/radiostudiow.com.br\/site\/wp-json\/wp\/v2\/posts"}],"about":[{"href":"https:\/\/radiostudiow.com.br\/site\/wp-json\/wp\/v2\/types\/post"}],"author":[{"embeddable":true,"href":"https:\/\/radiostudiow.com.br\/site\/wp-json\/wp\/v2\/users\/2"}],"replies":[{"embeddable":true,"href":"https:\/\/radiostudiow.com.br\/site\/wp-json\/wp\/v2\/comments?post=25214"}],"version-history":[{"count":3,"href":"https:\/\/radiostudiow.com.br\/site\/wp-json\/wp\/v2\/posts\/25214\/revisions"}],"predecessor-version":[{"id":25274,"href":"https:\/\/radiostudiow.com.br\/site\/wp-json\/wp\/v2\/posts\/25214\/revisions\/25274"}],"wp:featuredmedia":[{"embeddable":true,"href":"https:\/\/radiostudiow.com.br\/site\/wp-json\/wp\/v2\/media\/25215"}],"wp:attachment":[{"href":"https:\/\/radiostudiow.com.br\/site\/wp-json\/wp\/v2\/media?parent=25214"}],"wp:term":[{"taxonomy":"category","embeddable":true,"href":"https:\/\/radiostudiow.com.br\/site\/wp-json\/wp\/v2\/categories?post=25214"},{"taxonomy":"post_tag","embeddable":true,"href":"https:\/\/radiostudiow.com.br\/site\/wp-json\/wp\/v2\/tags?post=25214"}],"curies":[{"name":"wp","href":"https:\/\/api.w.org\/{rel}","templated":true}]}}