{"id":25222,"date":"2024-07-29T11:05:12","date_gmt":"2024-07-29T14:05:12","guid":{"rendered":"https:\/\/radiostudiow.com.br\/site\/?p=25222"},"modified":"2025-01-31T14:59:05","modified_gmt":"2025-01-31T17:59:05","slug":"conduror-abandona-veiculo-apos-colisao-contra-poste","status":"publish","type":"post","link":"https:\/\/radiostudiow.com.br\/site\/2024\/07\/29\/conduror-abandona-veiculo-apos-colisao-contra-poste\/","title":{"rendered":"Conduror abandona ve\u00edculo ap\u00f3s colis\u00e3o contra poste"},"content":{"rendered":"\n<p>Aa equipe do Corpo de Bombeiros de Uni\u00e3o da Vit\u00f3ria foi acionada \u00e0s 20:40 horas deste domingo, 28 de julho, para atender a um acidente de tr\u00e2nsito na Avenida Bento Munhoz da Rocha Neto.<\/p>\n\n\n\n<figure class=\"wp-block-image size-full\"><img decoding=\"async\" src=\"https:\/\/radiostudiow.com.br\/site\/wp-content\/uploads\/2024\/04\/SITE-MEDIO.png\" alt=\"\" class=\"wp-image-21854\"\/><\/figure>\n\n\n\n<p>Ao chegarem ao local, nas proximidades do CTG, os bombeiros se depararam com um ve\u00edculo que havia colidido contra um poste.\u00a0O condutor do autom\u00f3vel n\u00e3o foi encontrado no local.<\/p>\n\n\n\n<p>A Pol\u00edcia Militar foi chamada e assumiu a responsabilidade pela cena do acidente, iniciando as investiga\u00e7\u00f5es para localizar o motorista ausente.<\/p>\n","protected":false},"excerpt":{"rendered":"<p>Aa equipe do Corpo de Bombeiros de Uni\u00e3o da Vit\u00f3ria foi acionada \u00e0s 20:40 horas deste domingo, 28 de julho, para atender a um acidente de tr\u00e2nsito na Avenida Bento Munhoz da Rocha Neto. Ao chegarem ao local, nas proximidades do CTG, os bombeiros se depararam com um ve\u00edculo que havia colidido contra um poste.\u00a0O [&hellip;]<\/p>\n","protected":false},"author":2,"featured_media":25223,"comment_status":"open","ping_status":"open","sticky":false,"template":"","format":"standard","meta":{"footnotes":""},"categories":[185],"tags":[172],"class_list":["post-25222","post","type-post","status-publish","format-standard","has-post-thumbnail","hentry","category-regional","tag-featured"],"amp_enabled":true,"_links":{"self":[{"href":"https:\/\/radiostudiow.com.br\/site\/wp-json\/wp\/v2\/posts\/25222","targetHints":{"allow":["GET"]}}],"collection":[{"href":"https:\/\/radiostudiow.com.br\/site\/wp-json\/wp\/v2\/posts"}],"about":[{"href":"https:\/\/radiostudiow.com.br\/site\/wp-json\/wp\/v2\/types\/post"}],"author":[{"embeddable":true,"href":"https:\/\/radiostudiow.com.br\/site\/wp-json\/wp\/v2\/users\/2"}],"replies":[{"embeddable":true,"href":"https:\/\/radiostudiow.com.br\/site\/wp-json\/wp\/v2\/comments?post=25222"}],"version-history":[{"count":1,"href":"https:\/\/radiostudiow.com.br\/site\/wp-json\/wp\/v2\/posts\/25222\/revisions"}],"predecessor-version":[{"id":25224,"href":"https:\/\/radiostudiow.com.br\/site\/wp-json\/wp\/v2\/posts\/25222\/revisions\/25224"}],"wp:featuredmedia":[{"embeddable":true,"href":"https:\/\/radiostudiow.com.br\/site\/wp-json\/wp\/v2\/media\/25223"}],"wp:attachment":[{"href":"https:\/\/radiostudiow.com.br\/site\/wp-json\/wp\/v2\/media?parent=25222"}],"wp:term":[{"taxonomy":"category","embeddable":true,"href":"https:\/\/radiostudiow.com.br\/site\/wp-json\/wp\/v2\/categories?post=25222"},{"taxonomy":"post_tag","embeddable":true,"href":"https:\/\/radiostudiow.com.br\/site\/wp-json\/wp\/v2\/tags?post=25222"}],"curies":[{"name":"wp","href":"https:\/\/api.w.org\/{rel}","templated":true}]}}