{"id":25225,"date":"2024-07-29T12:03:53","date_gmt":"2024-07-29T15:03:53","guid":{"rendered":"https:\/\/radiostudiow.com.br\/site\/?p=25225"},"modified":"2025-01-31T14:59:05","modified_gmt":"2025-01-31T17:59:05","slug":"acidente-entre-moto-e-onibus-mobiliza-bombeiros-de-uniao-da-vitoria","status":"publish","type":"post","link":"https:\/\/radiostudiow.com.br\/site\/2024\/07\/29\/acidente-entre-moto-e-onibus-mobiliza-bombeiros-de-uniao-da-vitoria\/","title":{"rendered":"Acidente entre moto e \u00f4nibus mobiliza Bombeiros de Uni\u00e3o da Vit\u00f3ria"},"content":{"rendered":"\n<p>O Corpo de Bombeiros da cidade de Uni\u00e3o da Vit\u00f3ria esteve atendendo a uma ocorr\u00eancia de acidente de tr\u00e2nsito registrado  por volta das 18 horas desse domingo (29).<\/p>\n\n\n\n<p>De acordo com informa\u00e7\u00f5es, o acidente aconteceu na rua Napole\u00e3o Feij\u00f3, no bairro S\u00e3o Sebasti\u00e3o no Distrito de S\u00e3o Crist\u00f3v\u00e3o e envolveu uma motocicleta e um \u00f4nibus que acabaram colidindo.<\/p>\n\n\n\n<figure class=\"wp-block-image size-large\"><img loading=\"lazy\" decoding=\"async\" width=\"1024\" height=\"390\" src=\"https:\/\/radiostudiow.com.br\/site\/wp-content\/uploads\/2024\/06\/449383450_900410565459867_7398886830294326458_n-1024x390.png\" alt=\"\" class=\"wp-image-24042\" srcset=\"https:\/\/radiostudiow.com.br\/site\/wp-content\/uploads\/2024\/06\/449383450_900410565459867_7398886830294326458_n-1024x390.png 1024w, https:\/\/radiostudiow.com.br\/site\/wp-content\/uploads\/2024\/06\/449383450_900410565459867_7398886830294326458_n-300x114.png 300w, https:\/\/radiostudiow.com.br\/site\/wp-content\/uploads\/2024\/06\/449383450_900410565459867_7398886830294326458_n-768x292.png 768w, https:\/\/radiostudiow.com.br\/site\/wp-content\/uploads\/2024\/06\/449383450_900410565459867_7398886830294326458_n-1536x584.png 1536w, https:\/\/radiostudiow.com.br\/site\/wp-content\/uploads\/2024\/06\/449383450_900410565459867_7398886830294326458_n-2048x779.png 2048w\" sizes=\"auto, (max-width: 1024px) 100vw, 1024px\" \/><\/figure>\n\n\n\n<p>Com a batida, o motociclista de 21 anos de idade, sofreu ferimentos leves. Ele foi socorrido e encaminhado at\u00e9 a Unidade de Pronto Atendimento \u2013 UPA para receber cuidados m\u00e9dicos.<\/p>\n\n\n\n<p>Ainda durante o domingo, o Corpo de Bombeiros deslocou at\u00e9 a Avenida Bento Munhoz da Rocha Neto, no bairro S\u00e3o Bernardo, pr\u00f3ximo ao CTG onde um ve\u00edculo perdeu o controle e colidiu contra um poste de ilumina\u00e7\u00e3o. Na chegada ao local, o motorista j\u00e1 havia se evadido.<\/p>\n","protected":false},"excerpt":{"rendered":"<p>O Corpo de Bombeiros da cidade de Uni\u00e3o da Vit\u00f3ria esteve atendendo a uma ocorr\u00eancia de acidente de tr\u00e2nsito registrado por volta das 18 horas desse domingo (29). De acordo com informa\u00e7\u00f5es, o acidente aconteceu na rua Napole\u00e3o Feij\u00f3, no bairro S\u00e3o Sebasti\u00e3o no Distrito de S\u00e3o Crist\u00f3v\u00e3o e envolveu uma motocicleta e um \u00f4nibus [&hellip;]<\/p>\n","protected":false},"author":2,"featured_media":22624,"comment_status":"open","ping_status":"open","sticky":false,"template":"","format":"standard","meta":{"footnotes":""},"categories":[185],"tags":[172],"class_list":["post-25225","post","type-post","status-publish","format-standard","has-post-thumbnail","hentry","category-regional","tag-featured"],"amp_enabled":false,"_links":{"self":[{"href":"https:\/\/radiostudiow.com.br\/site\/wp-json\/wp\/v2\/posts\/25225","targetHints":{"allow":["GET"]}}],"collection":[{"href":"https:\/\/radiostudiow.com.br\/site\/wp-json\/wp\/v2\/posts"}],"about":[{"href":"https:\/\/radiostudiow.com.br\/site\/wp-json\/wp\/v2\/types\/post"}],"author":[{"embeddable":true,"href":"https:\/\/radiostudiow.com.br\/site\/wp-json\/wp\/v2\/users\/2"}],"replies":[{"embeddable":true,"href":"https:\/\/radiostudiow.com.br\/site\/wp-json\/wp\/v2\/comments?post=25225"}],"version-history":[{"count":2,"href":"https:\/\/radiostudiow.com.br\/site\/wp-json\/wp\/v2\/posts\/25225\/revisions"}],"predecessor-version":[{"id":25234,"href":"https:\/\/radiostudiow.com.br\/site\/wp-json\/wp\/v2\/posts\/25225\/revisions\/25234"}],"wp:featuredmedia":[{"embeddable":true,"href":"https:\/\/radiostudiow.com.br\/site\/wp-json\/wp\/v2\/media\/22624"}],"wp:attachment":[{"href":"https:\/\/radiostudiow.com.br\/site\/wp-json\/wp\/v2\/media?parent=25225"}],"wp:term":[{"taxonomy":"category","embeddable":true,"href":"https:\/\/radiostudiow.com.br\/site\/wp-json\/wp\/v2\/categories?post=25225"},{"taxonomy":"post_tag","embeddable":true,"href":"https:\/\/radiostudiow.com.br\/site\/wp-json\/wp\/v2\/tags?post=25225"}],"curies":[{"name":"wp","href":"https:\/\/api.w.org\/{rel}","templated":true}]}}