{"id":25227,"date":"2024-07-29T16:55:07","date_gmt":"2024-07-29T19:55:07","guid":{"rendered":"https:\/\/radiostudiow.com.br\/site\/?p=25227"},"modified":"2025-01-31T14:59:05","modified_gmt":"2025-01-31T17:59:05","slug":"homem-de-37-anos-e-esfaqueado-em-sao-joao-do-triunfo","status":"publish","type":"post","link":"https:\/\/radiostudiow.com.br\/site\/2024\/07\/29\/homem-de-37-anos-e-esfaqueado-em-sao-joao-do-triunfo\/","title":{"rendered":"Homem de 37 anos \u00e9 esfaqueado em S\u00e3o Jo\u00e3o do Triunfo"},"content":{"rendered":"\n<p>A equipe da Pol\u00edcia Militar de S\u00e3o Jo\u00e3o do Triunfo esteve atendendo a uma ocorr\u00eancia de les\u00e3o corporal provocada por ferimento de arma branca durante esse domingo (28).<\/p>\n\n\n\n<figure class=\"wp-block-image size-full\"><img decoding=\"async\" src=\"https:\/\/radiostudiow.com.br\/site\/wp-content\/uploads\/2024\/04\/image-58.png\" alt=\"\" class=\"wp-image-21416\"\/><\/figure>\n\n\n\n<p>Conforme informa\u00e7\u00f5es, o homem de 37 anos de idade que n\u00e3o teve o nome divulgado, estava em via p\u00fablica quando foi atacado por um indiv\u00edduo que armado com uma faca, lhe desferiu golpes.<\/p>\n\n\n\n<p>A v\u00edtima sofreu ferimentos na m\u00e3o e na regi\u00e3o tor\u00e1cica. Ele foi socorrido e encaminhado at\u00e9 o hospital Imaculada Concei\u00e7\u00e3o de S\u00e3o Jo\u00e3o do Triunfo para receber atendimento m\u00e9dico. O autor n\u00e3o foi localizado.<\/p>\n","protected":false},"excerpt":{"rendered":"<p>A equipe da Pol\u00edcia Militar de S\u00e3o Jo\u00e3o do Triunfo esteve atendendo a uma ocorr\u00eancia de les\u00e3o corporal provocada por ferimento de arma branca durante esse domingo (28). Conforme informa\u00e7\u00f5es, o homem de 37 anos de idade que n\u00e3o teve o nome divulgado, estava em via p\u00fablica quando foi atacado por um indiv\u00edduo que armado [&hellip;]<\/p>\n","protected":false},"author":2,"featured_media":18707,"comment_status":"open","ping_status":"open","sticky":false,"template":"","format":"standard","meta":{"footnotes":""},"categories":[2],"tags":[172],"class_list":["post-25227","post","type-post","status-publish","format-standard","has-post-thumbnail","hentry","category-policial","tag-featured"],"amp_enabled":true,"_links":{"self":[{"href":"https:\/\/radiostudiow.com.br\/site\/wp-json\/wp\/v2\/posts\/25227","targetHints":{"allow":["GET"]}}],"collection":[{"href":"https:\/\/radiostudiow.com.br\/site\/wp-json\/wp\/v2\/posts"}],"about":[{"href":"https:\/\/radiostudiow.com.br\/site\/wp-json\/wp\/v2\/types\/post"}],"author":[{"embeddable":true,"href":"https:\/\/radiostudiow.com.br\/site\/wp-json\/wp\/v2\/users\/2"}],"replies":[{"embeddable":true,"href":"https:\/\/radiostudiow.com.br\/site\/wp-json\/wp\/v2\/comments?post=25227"}],"version-history":[{"count":2,"href":"https:\/\/radiostudiow.com.br\/site\/wp-json\/wp\/v2\/posts\/25227\/revisions"}],"predecessor-version":[{"id":25241,"href":"https:\/\/radiostudiow.com.br\/site\/wp-json\/wp\/v2\/posts\/25227\/revisions\/25241"}],"wp:featuredmedia":[{"embeddable":true,"href":"https:\/\/radiostudiow.com.br\/site\/wp-json\/wp\/v2\/media\/18707"}],"wp:attachment":[{"href":"https:\/\/radiostudiow.com.br\/site\/wp-json\/wp\/v2\/media?parent=25227"}],"wp:term":[{"taxonomy":"category","embeddable":true,"href":"https:\/\/radiostudiow.com.br\/site\/wp-json\/wp\/v2\/categories?post=25227"},{"taxonomy":"post_tag","embeddable":true,"href":"https:\/\/radiostudiow.com.br\/site\/wp-json\/wp\/v2\/tags?post=25227"}],"curies":[{"name":"wp","href":"https:\/\/api.w.org\/{rel}","templated":true}]}}