{"id":25237,"date":"2024-07-29T17:03:11","date_gmt":"2024-07-29T20:03:11","guid":{"rendered":"https:\/\/radiostudiow.com.br\/site\/?p=25237"},"modified":"2025-01-31T14:59:05","modified_gmt":"2025-01-31T17:59:05","slug":"pcpr-prende-homem-por-maus-tratos-aos-animais-em-irati","status":"publish","type":"post","link":"https:\/\/radiostudiow.com.br\/site\/2024\/07\/29\/pcpr-prende-homem-por-maus-tratos-aos-animais-em-irati\/","title":{"rendered":"PCPR prende homem por maus-tratos aos animais em Irati"},"content":{"rendered":"\n<p>Na manh\u00e3 da sexta-feira (26\/07), a Pol\u00edcia Civil do Paran\u00e1, atrav\u00e9s da 41\u00aa Delegacia Regional de Pol\u00edcia Civil de Irati, em conjunto com a Secretaria de Defesa Animal do munic\u00edpio, cumpriu mandado de busca e apreens\u00e3o criminal e mandado de pris\u00e3o preventiva contra homem (63 anos) pelo crime de maus-tratos aos animais (c\u00e3es e cavalos) que ele mantinha sem as condi\u00e7\u00f5es m\u00ednimas de cuidado e manejo.<\/p>\n\n\n\n<figure class=\"wp-block-image size-full\"><img loading=\"lazy\" decoding=\"async\" width=\"590\" height=\"204\" src=\"https:\/\/radiostudiow.com.br\/site\/wp-content\/uploads\/2024\/04\/image-9.png\" alt=\"\" class=\"wp-image-21181\" srcset=\"https:\/\/radiostudiow.com.br\/site\/wp-content\/uploads\/2024\/04\/image-9.png 590w, https:\/\/radiostudiow.com.br\/site\/wp-content\/uploads\/2024\/04\/image-9-300x104.png 300w\" sizes=\"auto, (max-width: 590px) 100vw, 590px\" \/><\/figure>\n\n\n\n<p>Em mar\u00e7o de 2024, apresentada den\u00fancia an\u00f4nima pelo crime de maus-tratos a cavalos, foi verificada pelos policiais da 41\u00aa DRPC e instaurado inqu\u00e9rito policial a fim de apurar os fatos. Constatada a situa\u00e7\u00e3o, foram tomadas as medidas cab\u00edveis pela ADAPAR em conjunto com a Secretaria de Defesa Animal do munic\u00edpio. O investigado mantinha os animais amarrados com corda na propriedade de estranhos, sem a devida permiss\u00e3o, sem registro ou ainda amarrados na beira da estrada, sem qualquer cuidado ou manejo.<\/p>\n\n\n\n<p>No final do mesmo m\u00eas, nova den\u00fancia de maus-tratos agora envolvendo c\u00e3es que ele mantinha em sua resid\u00eancia sem \u00e1gua, sem tratamento e amarrados com corda curta, sendo novamente constatado o fato pelos policiais da unidade e tomadas as medidas cab\u00edveis. Foi oferecido o Acordo de N\u00e3o Persecu\u00e7\u00e3o Penal (ANPP) pelo minist\u00e9rio p\u00fablico para que n\u00e3o respondesse ao processo e entregasse todos os animais (c\u00e3es e cavalos) para doa\u00e7\u00e3o e n\u00e3o adquirisse nenhum outro, j\u00e1 que todos os animais que ele detinha n\u00e3o estavam em condi\u00e7\u00f5es condignas.<\/p>\n\n\n\n<p>Quando da assinatura do ANPP, o investigado recusou-se a celebrar o acordo, tendo o delegado de pronto representado pela pris\u00e3o do autor que recorrentemente pratica o crime de maus-tratos com todos os animais que possui.<\/p>\n\n\n\n<figure class=\"wp-block-image size-full\"><img decoding=\"async\" src=\"https:\/\/radiostudiow.com.br\/site\/wp-content\/uploads\/2024\/04\/image-45.png\" alt=\"\" class=\"wp-image-21394\"\/><\/figure>\n\n\n\n<p>Durante o cumprimento de mandado de busca e apreens\u00e3o e de pris\u00e3o do investigado, foram apreendidos dois c\u00e3es, uma mula e sete cavalos, estando estes tamb\u00e9m em condi\u00e7\u00f5es de maus-tratos, conforme laudo do veterin\u00e1rio da Secretaria de Defesa Animal do munic\u00edpio.<\/p>\n\n\n\n<p>O investigado foi entregue ao departamento penitenci\u00e1rio onde aguarda audi\u00eancia de cust\u00f3dia.<\/p>\n\n\n\n<p>A PCPR solicita a colabora\u00e7\u00e3o da popula\u00e7\u00e3o com informa\u00e7\u00f5es que auxiliem na investiga\u00e7\u00e3o e preven\u00e7\u00e3o de crimes de maus-tratos aos animais. As den\u00fancias pode ser feitas de forma an\u00f4nima pelos n\u00fameros 197 e 181.<\/p>\n","protected":false},"excerpt":{"rendered":"<p>Na manh\u00e3 da sexta-feira (26\/07), a Pol\u00edcia Civil do Paran\u00e1, atrav\u00e9s da 41\u00aa Delegacia Regional de Pol\u00edcia Civil de Irati, em conjunto com a Secretaria de Defesa Animal do munic\u00edpio, cumpriu mandado de busca e apreens\u00e3o criminal e mandado de pris\u00e3o preventiva contra homem (63 anos) pelo crime de maus-tratos aos animais (c\u00e3es e cavalos) [&hellip;]<\/p>\n","protected":false},"author":2,"featured_media":25238,"comment_status":"open","ping_status":"open","sticky":false,"template":"","format":"standard","meta":{"footnotes":""},"categories":[2],"tags":[172],"class_list":["post-25237","post","type-post","status-publish","format-standard","has-post-thumbnail","hentry","category-policial","tag-featured"],"amp_enabled":true,"_links":{"self":[{"href":"https:\/\/radiostudiow.com.br\/site\/wp-json\/wp\/v2\/posts\/25237","targetHints":{"allow":["GET"]}}],"collection":[{"href":"https:\/\/radiostudiow.com.br\/site\/wp-json\/wp\/v2\/posts"}],"about":[{"href":"https:\/\/radiostudiow.com.br\/site\/wp-json\/wp\/v2\/types\/post"}],"author":[{"embeddable":true,"href":"https:\/\/radiostudiow.com.br\/site\/wp-json\/wp\/v2\/users\/2"}],"replies":[{"embeddable":true,"href":"https:\/\/radiostudiow.com.br\/site\/wp-json\/wp\/v2\/comments?post=25237"}],"version-history":[{"count":2,"href":"https:\/\/radiostudiow.com.br\/site\/wp-json\/wp\/v2\/posts\/25237\/revisions"}],"predecessor-version":[{"id":25243,"href":"https:\/\/radiostudiow.com.br\/site\/wp-json\/wp\/v2\/posts\/25237\/revisions\/25243"}],"wp:featuredmedia":[{"embeddable":true,"href":"https:\/\/radiostudiow.com.br\/site\/wp-json\/wp\/v2\/media\/25238"}],"wp:attachment":[{"href":"https:\/\/radiostudiow.com.br\/site\/wp-json\/wp\/v2\/media?parent=25237"}],"wp:term":[{"taxonomy":"category","embeddable":true,"href":"https:\/\/radiostudiow.com.br\/site\/wp-json\/wp\/v2\/categories?post=25237"},{"taxonomy":"post_tag","embeddable":true,"href":"https:\/\/radiostudiow.com.br\/site\/wp-json\/wp\/v2\/tags?post=25237"}],"curies":[{"name":"wp","href":"https:\/\/api.w.org\/{rel}","templated":true}]}}