{"id":25245,"date":"2024-07-29T17:33:10","date_gmt":"2024-07-29T20:33:10","guid":{"rendered":"https:\/\/radiostudiow.com.br\/site\/?p=25245"},"modified":"2025-01-31T14:59:04","modified_gmt":"2025-01-31T17:59:04","slug":"prf-no-parana-celebra-os-96-anos-da-instituicao","status":"publish","type":"post","link":"https:\/\/radiostudiow.com.br\/site\/2024\/07\/29\/prf-no-parana-celebra-os-96-anos-da-instituicao\/","title":{"rendered":"PRF no Paran\u00e1 celebra os 96 anos da institui\u00e7\u00e3o"},"content":{"rendered":"\n<p>Na ter\u00e7a-feira (23), o anivers\u00e1rio de 96 anos da PRF foi comemorado juntamente com o dia do policial rodovi\u00e1rio federal com um evento especial na Superintend\u00eancia Regional da PRF no Paran\u00e1, apoiado pelo Sindicato dos Policiais Rodovi\u00e1rios Federais do Estado do Paran\u00e1 (SinPRF-PR). A ocasi\u00e3o contou com diversas homenagens e atividades que enfatizaram a import\u00e2ncia e o comprometimento desses profissionais com a institui\u00e7\u00e3o.<\/p>\n\n\n\n<figure class=\"wp-block-image size-full\"><img loading=\"lazy\" decoding=\"async\" width=\"897\" height=\"204\" src=\"https:\/\/radiostudiow.com.br\/site\/wp-content\/uploads\/2024\/04\/image-19.png\" alt=\"\" class=\"wp-image-21212\" srcset=\"https:\/\/radiostudiow.com.br\/site\/wp-content\/uploads\/2024\/04\/image-19.png 897w, https:\/\/radiostudiow.com.br\/site\/wp-content\/uploads\/2024\/04\/image-19-300x68.png 300w, https:\/\/radiostudiow.com.br\/site\/wp-content\/uploads\/2024\/04\/image-19-768x175.png 768w\" sizes=\"auto, (max-width: 897px) 100vw, 897px\" \/><\/figure>\n\n\n\n<p>Na cerim\u00f4nia, foram prestadas homenagens aos policiais que completaram 10, 20 e 30 anos de servi\u00e7o. Eles foram agraciados com moedas comemorativas do sindicato e diplomas de reconhecimento da PRF, como uma forma de valorizar o trabalho cont\u00ednuo e a dedica\u00e7\u00e3o desses profissionais, fundamentais para a seguran\u00e7a nas rodovias.<\/p>\n\n\n\n<p>Al\u00e9m das homenagens aos policiais em atividade, os veteranos da turma de 1974 tamb\u00e9m receberam reconhecimento. Eles foram premiados com diplomas em agradecimento \u00e0 sua longa carreira e compromisso com a corpora\u00e7\u00e3o, servindo de exemplo e inspira\u00e7\u00e3o para as novas gera\u00e7\u00f5es de policiais rodovi\u00e1rios federais.<\/p>\n\n\n\n<figure class=\"wp-block-image size-full\"><img loading=\"lazy\" decoding=\"async\" width=\"300\" height=\"180\" src=\"https:\/\/radiostudiow.com.br\/site\/wp-content\/uploads\/2024\/04\/image-26.png\" alt=\"\" class=\"wp-image-21279\"\/><\/figure>\n\n\n\n<p>O evento foi enriquecido pela performance da Orquestra Cordas do Igua\u00e7u e ofereceu uma s\u00e9rie de atra\u00e7\u00f5es durante o dia, proporcionando momentos de integra\u00e7\u00e3o e divers\u00e3o. Entre as atividades, destacaram-se os torneios entre policiais ativos e aposentados, promovendo a camaradagem.<\/p>\n","protected":false},"excerpt":{"rendered":"<p>Na ter\u00e7a-feira (23), o anivers\u00e1rio de 96 anos da PRF foi comemorado juntamente com o dia do policial rodovi\u00e1rio federal com um evento especial na Superintend\u00eancia Regional da PRF no Paran\u00e1, apoiado pelo Sindicato dos Policiais Rodovi\u00e1rios Federais do Estado do Paran\u00e1 (SinPRF-PR). A ocasi\u00e3o contou com diversas homenagens e atividades que enfatizaram a import\u00e2ncia [&hellip;]<\/p>\n","protected":false},"author":2,"featured_media":25249,"comment_status":"open","ping_status":"open","sticky":false,"template":"","format":"standard","meta":{"footnotes":""},"categories":[7],"tags":[172],"class_list":["post-25245","post","type-post","status-publish","format-standard","has-post-thumbnail","hentry","category-geral","tag-featured"],"amp_enabled":true,"_links":{"self":[{"href":"https:\/\/radiostudiow.com.br\/site\/wp-json\/wp\/v2\/posts\/25245","targetHints":{"allow":["GET"]}}],"collection":[{"href":"https:\/\/radiostudiow.com.br\/site\/wp-json\/wp\/v2\/posts"}],"about":[{"href":"https:\/\/radiostudiow.com.br\/site\/wp-json\/wp\/v2\/types\/post"}],"author":[{"embeddable":true,"href":"https:\/\/radiostudiow.com.br\/site\/wp-json\/wp\/v2\/users\/2"}],"replies":[{"embeddable":true,"href":"https:\/\/radiostudiow.com.br\/site\/wp-json\/wp\/v2\/comments?post=25245"}],"version-history":[{"count":2,"href":"https:\/\/radiostudiow.com.br\/site\/wp-json\/wp\/v2\/posts\/25245\/revisions"}],"predecessor-version":[{"id":25250,"href":"https:\/\/radiostudiow.com.br\/site\/wp-json\/wp\/v2\/posts\/25245\/revisions\/25250"}],"wp:featuredmedia":[{"embeddable":true,"href":"https:\/\/radiostudiow.com.br\/site\/wp-json\/wp\/v2\/media\/25249"}],"wp:attachment":[{"href":"https:\/\/radiostudiow.com.br\/site\/wp-json\/wp\/v2\/media?parent=25245"}],"wp:term":[{"taxonomy":"category","embeddable":true,"href":"https:\/\/radiostudiow.com.br\/site\/wp-json\/wp\/v2\/categories?post=25245"},{"taxonomy":"post_tag","embeddable":true,"href":"https:\/\/radiostudiow.com.br\/site\/wp-json\/wp\/v2\/tags?post=25245"}],"curies":[{"name":"wp","href":"https:\/\/api.w.org\/{rel}","templated":true}]}}