{"id":25267,"date":"2024-07-30T09:31:06","date_gmt":"2024-07-30T12:31:06","guid":{"rendered":"https:\/\/radiostudiow.com.br\/site\/?p=25267"},"modified":"2025-01-31T14:59:04","modified_gmt":"2025-01-31T17:59:04","slug":"irmaos-sao-presos-apos-troca-de-tiros-com-policia-militar-de-cruz-machado","status":"publish","type":"post","link":"https:\/\/radiostudiow.com.br\/site\/2024\/07\/30\/irmaos-sao-presos-apos-troca-de-tiros-com-policia-militar-de-cruz-machado\/","title":{"rendered":"Irm\u00e3os s\u00e3o presos ap\u00f3s troca de tiros com Pol\u00edcia Militar de Cruz Machado"},"content":{"rendered":"\n<p>Ap\u00f3s conhecimento da suposta autoria de um crime de amea\u00e7a, a equipe realizou patrulhamento pelo bairro S\u00e3o Jos\u00e9 por volta das 03 horas da madrugada deste domingo (28).<\/p>\n\n\n\n<p>Ao chegar no local, se depararam com um homem, o qual passou a desacatar e proferir palavras de amea\u00e7a aos policiais.<\/p>\n\n\n\n<figure class=\"wp-block-image size-full\"><img decoding=\"async\" src=\"https:\/\/radiostudiow.com.br\/site\/wp-content\/uploads\/2024\/04\/image-42.png\" alt=\"\" class=\"wp-image-21334\"\/><\/figure>\n\n\n\n<p>Diante das fundadas raz\u00f5es relacionadas ao crime pret\u00e9rito praticado, bem como da amea\u00e7a e desacato a equipe policial, foi adentrando ao p\u00e1tio, momento em que este efetuou v\u00e1rios disparos que ricochetearam no ch\u00e3o.<\/p>\n\n\n\n<p>Imediatamente, a guarni\u00e7\u00e3o procurou abrigo, recuou, e pediu apoio as outras equipes de Uni\u00e3o da Vit\u00f3ria. Na sequ\u00eancia, com a chegada das equipes de apoio, foi realizado adestramento no im\u00f3vel, por\u00e9m, o autor j\u00e1 havia se evadido.<\/p>\n\n\n\n<p>Foi constatado que havia outra resid\u00eancia no mesmo terreno, onde ent\u00e3o foi localizado um homem e duas mulheres.<\/p>\n\n\n\n<p>Dada voz de abordagem, o homem al\u00e9m de n\u00e3o acatar a voz de abordagem, tentou agredir os policiais com socos, sendo necess\u00e1rio o uso de t\u00e9cnicas desimobiliza\u00e7\u00e3o. Ap\u00f3s a conten\u00e7\u00e3o, foi realizado buscas no im\u00f3vel, a fim de encontrar a arma utilizada, sendo encontrado escondida em um c\u00f4modo do im\u00f3vel 5 muni\u00e7\u00f5es de calibre 22 embaixo do travesseiro, e embaixo de um colch\u00e3o localizado um rev\u00f3lver calibre 32, carregada com 6 muni\u00e7\u00f5es.<\/p>\n\n\n\n<figure class=\"wp-block-image size-full\"><img loading=\"lazy\" decoding=\"async\" width=\"590\" height=\"204\" src=\"https:\/\/radiostudiow.com.br\/site\/wp-content\/uploads\/2024\/04\/image-27.png\" alt=\"\" class=\"wp-image-21280\" srcset=\"https:\/\/radiostudiow.com.br\/site\/wp-content\/uploads\/2024\/04\/image-27.png 590w, https:\/\/radiostudiow.com.br\/site\/wp-content\/uploads\/2024\/04\/image-27-300x104.png 300w\" sizes=\"auto, (max-width: 590px) 100vw, 590px\" \/><\/figure>\n\n\n\n<p>Foi localizado escondido embaixo de uma cama no mesmo c\u00f4modo um segundo homem que tamb\u00e9m partiu para cima dos policiais com socos e chutes, sendo necess\u00e1rio uso de for\u00e7a para cont\u00ea-lo. O homem, foi identificado como irm\u00e3o do autor, ele mentiu o seu nome para a equipe a fim de acobertar seu irm\u00e3o.<\/p>\n\n\n\n<p>Diante dos fatos, os autores foram cientificados de seus direitos constitucionais e conduzidos at\u00e9 a UPA de Uni\u00e3o da Vit\u00f3ria e posteriormente at\u00e9 a 4\u00aa SDP para provid\u00eancias de pol\u00edcia judiciaria, juntamente a arma e muni\u00e7\u00f5es aprendidas.<\/p>\n","protected":false},"excerpt":{"rendered":"<p>Ap\u00f3s conhecimento da suposta autoria de um crime de amea\u00e7a, a equipe realizou patrulhamento pelo bairro S\u00e3o Jos\u00e9 por volta das 03 horas da madrugada deste domingo (28). Ao chegar no local, se depararam com um homem, o qual passou a desacatar e proferir palavras de amea\u00e7a aos policiais. Diante das fundadas raz\u00f5es relacionadas ao [&hellip;]<\/p>\n","protected":false},"author":2,"featured_media":25277,"comment_status":"open","ping_status":"open","sticky":false,"template":"","format":"standard","meta":{"footnotes":""},"categories":[2],"tags":[172],"class_list":["post-25267","post","type-post","status-publish","format-standard","has-post-thumbnail","hentry","category-policial","tag-featured"],"amp_enabled":true,"_links":{"self":[{"href":"https:\/\/radiostudiow.com.br\/site\/wp-json\/wp\/v2\/posts\/25267","targetHints":{"allow":["GET"]}}],"collection":[{"href":"https:\/\/radiostudiow.com.br\/site\/wp-json\/wp\/v2\/posts"}],"about":[{"href":"https:\/\/radiostudiow.com.br\/site\/wp-json\/wp\/v2\/types\/post"}],"author":[{"embeddable":true,"href":"https:\/\/radiostudiow.com.br\/site\/wp-json\/wp\/v2\/users\/2"}],"replies":[{"embeddable":true,"href":"https:\/\/radiostudiow.com.br\/site\/wp-json\/wp\/v2\/comments?post=25267"}],"version-history":[{"count":2,"href":"https:\/\/radiostudiow.com.br\/site\/wp-json\/wp\/v2\/posts\/25267\/revisions"}],"predecessor-version":[{"id":25278,"href":"https:\/\/radiostudiow.com.br\/site\/wp-json\/wp\/v2\/posts\/25267\/revisions\/25278"}],"wp:featuredmedia":[{"embeddable":true,"href":"https:\/\/radiostudiow.com.br\/site\/wp-json\/wp\/v2\/media\/25277"}],"wp:attachment":[{"href":"https:\/\/radiostudiow.com.br\/site\/wp-json\/wp\/v2\/media?parent=25267"}],"wp:term":[{"taxonomy":"category","embeddable":true,"href":"https:\/\/radiostudiow.com.br\/site\/wp-json\/wp\/v2\/categories?post=25267"},{"taxonomy":"post_tag","embeddable":true,"href":"https:\/\/radiostudiow.com.br\/site\/wp-json\/wp\/v2\/tags?post=25267"}],"curies":[{"name":"wp","href":"https:\/\/api.w.org\/{rel}","templated":true}]}}