{"id":25279,"date":"2024-07-30T09:38:17","date_gmt":"2024-07-30T12:38:17","guid":{"rendered":"https:\/\/radiostudiow.com.br\/site\/?p=25279"},"modified":"2025-01-31T14:59:04","modified_gmt":"2025-01-31T17:59:04","slug":"grave-acidente-na-br-153-deixa-uma-vitima-fatal-e-dois-feridos-em-general-carneiro","status":"publish","type":"post","link":"https:\/\/radiostudiow.com.br\/site\/2024\/07\/30\/grave-acidente-na-br-153-deixa-uma-vitima-fatal-e-dois-feridos-em-general-carneiro\/","title":{"rendered":"Grave acidente na BR-153 deixa uma v\u00edtima fatal e dois feridos em General Carneiro"},"content":{"rendered":"\n<p>Na tarde desta segunda-feira (29), um grave acidente na rodovia BR-153, pr\u00f3ximo a General Carneiro deixou um homem de 74 anos morto.<\/p>\n\n\n\n<p>A trag\u00e9dia mobilizou equipes do Corpo de Bombeiros, SAMU, Pronto Atendimento e Pol\u00edcia Rodovi\u00e1ria Federal (PRF).<\/p>\n\n\n\n<figure class=\"wp-block-image size-full\"><img loading=\"lazy\" decoding=\"async\" width=\"598\" height=\"204\" src=\"https:\/\/radiostudiow.com.br\/site\/wp-content\/uploads\/2024\/04\/image-29.png\" alt=\"\" class=\"wp-image-21283\" srcset=\"https:\/\/radiostudiow.com.br\/site\/wp-content\/uploads\/2024\/04\/image-29.png 598w, https:\/\/radiostudiow.com.br\/site\/wp-content\/uploads\/2024\/04\/image-29-300x102.png 300w\" sizes=\"auto, (max-width: 598px) 100vw, 598px\" \/><\/figure>\n\n\n\n<p>O acidente ocorreu a aproximadamente 5 quil\u00f4metros do per\u00edmetro urbano da cidade e resultou na morte de&nbsp;Pedro Natalino de Camargo, de 74 anos.<\/p>\n\n\n\n<p>Ele conduzia um ve\u00edculo GM\/Prisma de cor prata, com placas de Videira\/SC, que colidiu com uma Mitsubishi\/Pajero de placas de Londrina\/PR. Com o impacto, a Pajero foi lan\u00e7ada para fora da pista.<\/p>\n\n\n\n<p>Al\u00e9m da v\u00edtima fatal, outras duas pessoas ficaram feridas. Elas receberam os primeiros socorros no local foram encaminhadas para atendimento m\u00e9dico.<\/p>\n\n\n\n<figure class=\"wp-block-image size-full\"><img loading=\"lazy\" decoding=\"async\" width=\"907\" height=\"511\" src=\"https:\/\/radiostudiow.com.br\/site\/wp-content\/uploads\/2024\/07\/02-3.jpeg\" alt=\"\" class=\"wp-image-25283\" srcset=\"https:\/\/radiostudiow.com.br\/site\/wp-content\/uploads\/2024\/07\/02-3.jpeg 907w, https:\/\/radiostudiow.com.br\/site\/wp-content\/uploads\/2024\/07\/02-3-300x169.jpeg 300w, https:\/\/radiostudiow.com.br\/site\/wp-content\/uploads\/2024\/07\/02-3-768x433.jpeg 768w\" sizes=\"auto, (max-width: 907px) 100vw, 907px\" \/><\/figure>\n\n\n\n<p>Fonte:VVale<\/p>\n","protected":false},"excerpt":{"rendered":"<p>Na tarde desta segunda-feira (29), um grave acidente na rodovia BR-153, pr\u00f3ximo a General Carneiro deixou um homem de 74 anos morto. A trag\u00e9dia mobilizou equipes do Corpo de Bombeiros, SAMU, Pronto Atendimento e Pol\u00edcia Rodovi\u00e1ria Federal (PRF). O acidente ocorreu a aproximadamente 5 quil\u00f4metros do per\u00edmetro urbano da cidade e resultou na morte de&nbsp;Pedro [&hellip;]<\/p>\n","protected":false},"author":2,"featured_media":25282,"comment_status":"open","ping_status":"open","sticky":false,"template":"","format":"standard","meta":{"footnotes":""},"categories":[2],"tags":[172],"class_list":["post-25279","post","type-post","status-publish","format-standard","has-post-thumbnail","hentry","category-policial","tag-featured"],"amp_enabled":true,"_links":{"self":[{"href":"https:\/\/radiostudiow.com.br\/site\/wp-json\/wp\/v2\/posts\/25279","targetHints":{"allow":["GET"]}}],"collection":[{"href":"https:\/\/radiostudiow.com.br\/site\/wp-json\/wp\/v2\/posts"}],"about":[{"href":"https:\/\/radiostudiow.com.br\/site\/wp-json\/wp\/v2\/types\/post"}],"author":[{"embeddable":true,"href":"https:\/\/radiostudiow.com.br\/site\/wp-json\/wp\/v2\/users\/2"}],"replies":[{"embeddable":true,"href":"https:\/\/radiostudiow.com.br\/site\/wp-json\/wp\/v2\/comments?post=25279"}],"version-history":[{"count":1,"href":"https:\/\/radiostudiow.com.br\/site\/wp-json\/wp\/v2\/posts\/25279\/revisions"}],"predecessor-version":[{"id":25284,"href":"https:\/\/radiostudiow.com.br\/site\/wp-json\/wp\/v2\/posts\/25279\/revisions\/25284"}],"wp:featuredmedia":[{"embeddable":true,"href":"https:\/\/radiostudiow.com.br\/site\/wp-json\/wp\/v2\/media\/25282"}],"wp:attachment":[{"href":"https:\/\/radiostudiow.com.br\/site\/wp-json\/wp\/v2\/media?parent=25279"}],"wp:term":[{"taxonomy":"category","embeddable":true,"href":"https:\/\/radiostudiow.com.br\/site\/wp-json\/wp\/v2\/categories?post=25279"},{"taxonomy":"post_tag","embeddable":true,"href":"https:\/\/radiostudiow.com.br\/site\/wp-json\/wp\/v2\/tags?post=25279"}],"curies":[{"name":"wp","href":"https:\/\/api.w.org\/{rel}","templated":true}]}}