{"id":25286,"date":"2024-07-30T19:14:54","date_gmt":"2024-07-30T22:14:54","guid":{"rendered":"https:\/\/radiostudiow.com.br\/site\/?p=25286"},"modified":"2025-01-31T14:59:04","modified_gmt":"2025-01-31T17:59:04","slug":"policia-civil-de-teixeira-soares-prende-suspeito-de-tentativa-de-homicidio-em-fernandes-pinheiro","status":"publish","type":"post","link":"https:\/\/radiostudiow.com.br\/site\/2024\/07\/30\/policia-civil-de-teixeira-soares-prende-suspeito-de-tentativa-de-homicidio-em-fernandes-pinheiro\/","title":{"rendered":"Pol\u00edcia Civil de Teixeira Soares prende suspeito de tentativa de homic\u00eddio em Fernandes Pinheiro"},"content":{"rendered":"\n<figure class=\"wp-block-image size-full is-resized\"><img loading=\"lazy\" decoding=\"async\" width=\"897\" height=\"204\" src=\"https:\/\/radiostudiow.com.br\/site\/wp-content\/uploads\/2024\/04\/image-50.png\" alt=\"\" class=\"wp-image-21368\" style=\"width:740px;height:auto\" srcset=\"https:\/\/radiostudiow.com.br\/site\/wp-content\/uploads\/2024\/04\/image-50.png 897w, https:\/\/radiostudiow.com.br\/site\/wp-content\/uploads\/2024\/04\/image-50-300x68.png 300w, https:\/\/radiostudiow.com.br\/site\/wp-content\/uploads\/2024\/04\/image-50-768x175.png 768w\" sizes=\"auto, (max-width: 897px) 100vw, 897px\" \/><\/figure>\n\n\n\n<p>Nesta segunda-feira, 29 de julho, a equipe da Pol\u00edcia Civil de Teixeira Soares prendeu um homem de 22 anos suspeito de tentativa de homic\u00eddio em Fernandes Pinheiro.<\/p>\n\n\n\n<p>O crime ocorreu em 10 de julho durante uma discuss\u00e3o quando o suspeito atacou a v\u00edtima com uma faca de aproximadamente 20 cm, desferindo v\u00e1rios golpes na cabe\u00e7a. A v\u00edtima sofreu les\u00f5es graves na face e acima da nuca, necessitando de interna\u00e7\u00e3o no hospital de Teixeira Soares.<\/p>\n\n\n\n<p>Foi solicitado ao Poder Judici\u00e1rio a pris\u00e3o preventiva do suspeito, acusado de homic\u00eddio qualificado por motivo f\u00fatil, na modalidade tentada. A v\u00edtima relatou que o ataque foi aparentemente sem motivo.<\/p>\n\n\n\n<figure class=\"wp-block-image size-full\"><img loading=\"lazy\" decoding=\"async\" width=\"300\" height=\"180\" src=\"https:\/\/radiostudiow.com.br\/site\/wp-content\/uploads\/2024\/04\/SITE-PEQUENO-1.png\" alt=\"\" class=\"wp-image-21868\"\/><\/figure>\n\n\n\n<p>Ap\u00f3s a expedi\u00e7\u00e3o do mandado, a equipe da Pol\u00edcia Civil de Teixeira Soares efetuou a pris\u00e3o do suspeito, que foi conduzido ao Pres\u00eddio Hildebrando de Souza, em Ponta Grossa. O detido possui antecedentes criminais por tr\u00e1fico de drogas, furto, les\u00e3o corporal e estupro de vulner\u00e1vel.<\/p>\n\n\n\n<p>Fonte: Hoje Centro Sul com informa\u00e7\u00f5es da Pol\u00edcia Civil de Teixeira Soares<\/p>\n","protected":false},"excerpt":{"rendered":"<p>Nesta segunda-feira, 29 de julho, a equipe da Pol\u00edcia Civil de Teixeira Soares prendeu um homem de 22 anos suspeito de tentativa de homic\u00eddio em Fernandes Pinheiro. O crime ocorreu em 10 de julho durante uma discuss\u00e3o quando o suspeito atacou a v\u00edtima com uma faca de aproximadamente 20 cm, desferindo v\u00e1rios golpes na cabe\u00e7a. [&hellip;]<\/p>\n","protected":false},"author":2,"featured_media":25303,"comment_status":"open","ping_status":"open","sticky":false,"template":"","format":"standard","meta":{"footnotes":""},"categories":[2],"tags":[172],"class_list":["post-25286","post","type-post","status-publish","format-standard","has-post-thumbnail","hentry","category-policial","tag-featured"],"amp_enabled":true,"_links":{"self":[{"href":"https:\/\/radiostudiow.com.br\/site\/wp-json\/wp\/v2\/posts\/25286","targetHints":{"allow":["GET"]}}],"collection":[{"href":"https:\/\/radiostudiow.com.br\/site\/wp-json\/wp\/v2\/posts"}],"about":[{"href":"https:\/\/radiostudiow.com.br\/site\/wp-json\/wp\/v2\/types\/post"}],"author":[{"embeddable":true,"href":"https:\/\/radiostudiow.com.br\/site\/wp-json\/wp\/v2\/users\/2"}],"replies":[{"embeddable":true,"href":"https:\/\/radiostudiow.com.br\/site\/wp-json\/wp\/v2\/comments?post=25286"}],"version-history":[{"count":2,"href":"https:\/\/radiostudiow.com.br\/site\/wp-json\/wp\/v2\/posts\/25286\/revisions"}],"predecessor-version":[{"id":25304,"href":"https:\/\/radiostudiow.com.br\/site\/wp-json\/wp\/v2\/posts\/25286\/revisions\/25304"}],"wp:featuredmedia":[{"embeddable":true,"href":"https:\/\/radiostudiow.com.br\/site\/wp-json\/wp\/v2\/media\/25303"}],"wp:attachment":[{"href":"https:\/\/radiostudiow.com.br\/site\/wp-json\/wp\/v2\/media?parent=25286"}],"wp:term":[{"taxonomy":"category","embeddable":true,"href":"https:\/\/radiostudiow.com.br\/site\/wp-json\/wp\/v2\/categories?post=25286"},{"taxonomy":"post_tag","embeddable":true,"href":"https:\/\/radiostudiow.com.br\/site\/wp-json\/wp\/v2\/tags?post=25286"}],"curies":[{"name":"wp","href":"https:\/\/api.w.org\/{rel}","templated":true}]}}