{"id":25290,"date":"2024-07-30T19:19:57","date_gmt":"2024-07-30T22:19:57","guid":{"rendered":"https:\/\/radiostudiow.com.br\/site\/?p=25290"},"modified":"2025-01-31T14:59:04","modified_gmt":"2025-01-31T17:59:04","slug":"homem-sofre-queda-em-casa-e-acaba-morrendo-em-uniao-da-vitoria","status":"publish","type":"post","link":"https:\/\/radiostudiow.com.br\/site\/2024\/07\/30\/homem-sofre-queda-em-casa-e-acaba-morrendo-em-uniao-da-vitoria\/","title":{"rendered":"Homem sofre queda em casa e acaba morrendo em Uni\u00e3o da Vit\u00f3ria"},"content":{"rendered":"\n<p>Um acidente dom\u00e9stico vitimou fatalmente um homem de aproximadamente 60 anos em Uni\u00e3o da Vit\u00f3ria por volta das 11:15 horas desta ter\u00e7a-feira (30).<\/p>\n\n\n\n<figure class=\"wp-block-image size-large\"><img loading=\"lazy\" decoding=\"async\" width=\"1024\" height=\"390\" src=\"https:\/\/radiostudiow.com.br\/site\/wp-content\/uploads\/2024\/06\/449383450_900410565459867_7398886830294326458_n-1024x390.png\" alt=\"\" class=\"wp-image-24042\" srcset=\"https:\/\/radiostudiow.com.br\/site\/wp-content\/uploads\/2024\/06\/449383450_900410565459867_7398886830294326458_n-1024x390.png 1024w, https:\/\/radiostudiow.com.br\/site\/wp-content\/uploads\/2024\/06\/449383450_900410565459867_7398886830294326458_n-300x114.png 300w, https:\/\/radiostudiow.com.br\/site\/wp-content\/uploads\/2024\/06\/449383450_900410565459867_7398886830294326458_n-768x292.png 768w, https:\/\/radiostudiow.com.br\/site\/wp-content\/uploads\/2024\/06\/449383450_900410565459867_7398886830294326458_n-1536x584.png 1536w, https:\/\/radiostudiow.com.br\/site\/wp-content\/uploads\/2024\/06\/449383450_900410565459867_7398886830294326458_n-2048x779.png 2048w\" sizes=\"auto, (max-width: 1024px) 100vw, 1024px\" \/><\/figure>\n\n\n\n<p>As primeiras informa\u00e7\u00f5es indicam que a v\u00edtima caiu de uma arvore ou um telhado no terreno de sua casa na Rua dos Expedicion\u00e1rios, pr\u00f3ximo da Avenida Bento Munhoz da Rocha Neto.<\/p>\n\n\n\n<p>O Corpo de Bombeiros de Uni\u00e3o da Vit\u00f3ria e a pol\u00edcia cient\u00edfica atenderam a ocorr\u00eancia. A identidade do homem ainda n\u00e3o foi divulgada.<\/p>\n","protected":false},"excerpt":{"rendered":"<p>Um acidente dom\u00e9stico vitimou fatalmente um homem de aproximadamente 60 anos em Uni\u00e3o da Vit\u00f3ria por volta das 11:15 horas desta ter\u00e7a-feira (30). As primeiras informa\u00e7\u00f5es indicam que a v\u00edtima caiu de uma arvore ou um telhado no terreno de sua casa na Rua dos Expedicion\u00e1rios, pr\u00f3ximo da Avenida Bento Munhoz da Rocha Neto. O [&hellip;]<\/p>\n","protected":false},"author":2,"featured_media":22493,"comment_status":"open","ping_status":"open","sticky":false,"template":"","format":"standard","meta":{"footnotes":""},"categories":[185],"tags":[172],"class_list":["post-25290","post","type-post","status-publish","format-standard","has-post-thumbnail","hentry","category-regional","tag-featured"],"amp_enabled":true,"_links":{"self":[{"href":"https:\/\/radiostudiow.com.br\/site\/wp-json\/wp\/v2\/posts\/25290","targetHints":{"allow":["GET"]}}],"collection":[{"href":"https:\/\/radiostudiow.com.br\/site\/wp-json\/wp\/v2\/posts"}],"about":[{"href":"https:\/\/radiostudiow.com.br\/site\/wp-json\/wp\/v2\/types\/post"}],"author":[{"embeddable":true,"href":"https:\/\/radiostudiow.com.br\/site\/wp-json\/wp\/v2\/users\/2"}],"replies":[{"embeddable":true,"href":"https:\/\/radiostudiow.com.br\/site\/wp-json\/wp\/v2\/comments?post=25290"}],"version-history":[{"count":2,"href":"https:\/\/radiostudiow.com.br\/site\/wp-json\/wp\/v2\/posts\/25290\/revisions"}],"predecessor-version":[{"id":25306,"href":"https:\/\/radiostudiow.com.br\/site\/wp-json\/wp\/v2\/posts\/25290\/revisions\/25306"}],"wp:featuredmedia":[{"embeddable":true,"href":"https:\/\/radiostudiow.com.br\/site\/wp-json\/wp\/v2\/media\/22493"}],"wp:attachment":[{"href":"https:\/\/radiostudiow.com.br\/site\/wp-json\/wp\/v2\/media?parent=25290"}],"wp:term":[{"taxonomy":"category","embeddable":true,"href":"https:\/\/radiostudiow.com.br\/site\/wp-json\/wp\/v2\/categories?post=25290"},{"taxonomy":"post_tag","embeddable":true,"href":"https:\/\/radiostudiow.com.br\/site\/wp-json\/wp\/v2\/tags?post=25290"}],"curies":[{"name":"wp","href":"https:\/\/api.w.org\/{rel}","templated":true}]}}