{"id":25308,"date":"2024-07-30T19:22:34","date_gmt":"2024-07-30T22:22:34","guid":{"rendered":"https:\/\/radiostudiow.com.br\/site\/?p=25308"},"modified":"2025-01-31T14:59:04","modified_gmt":"2025-01-31T17:59:04","slug":"conduror-abandona-veiculo-apos-colisao-contra-poste-em-uniao-da-vitoria","status":"publish","type":"post","link":"https:\/\/radiostudiow.com.br\/site\/2024\/07\/30\/conduror-abandona-veiculo-apos-colisao-contra-poste-em-uniao-da-vitoria\/","title":{"rendered":"Conduror abandona ve\u00edculo ap\u00f3s colis\u00e3o contra poste em Uni\u00e3o da Vit\u00f3ria"},"content":{"rendered":"\n<p>A equipe do Corpo de Bombeiros de Uni\u00e3o da Vit\u00f3ria para atender a um acidente de tr\u00e2nsito na Avenida Bento Munhoz da Rocha Neto por volta das 20:40 horas deste domingo (28).<\/p>\n\n\n\n<figure class=\"wp-block-image size-full\"><img decoding=\"async\" src=\"https:\/\/radiostudiow.com.br\/site\/wp-content\/uploads\/2024\/04\/image-42.png\" alt=\"\" class=\"wp-image-21334\"\/><\/figure>\n\n\n\n<p>Ao chegarem ao local, nas proximidades do CTG, os bombeiros se depararam com um ve\u00edculo que havia colidido contra um poste.&nbsp;O condutor do autom\u00f3vel n\u00e3o foi encontrado no local.<\/p>\n\n\n\n<p>A equipe da Pol\u00edcia Militar foi chamada e assumiu a responsabilidade pela cena do acidente, iniciando as investiga\u00e7\u00f5es para localizar o motorista ausente.<\/p>\n","protected":false},"excerpt":{"rendered":"<p>A equipe do Corpo de Bombeiros de Uni\u00e3o da Vit\u00f3ria para atender a um acidente de tr\u00e2nsito na Avenida Bento Munhoz da Rocha Neto por volta das 20:40 horas deste domingo (28). Ao chegarem ao local, nas proximidades do CTG, os bombeiros se depararam com um ve\u00edculo que havia colidido contra um poste.&nbsp;O condutor do [&hellip;]<\/p>\n","protected":false},"author":2,"featured_media":25309,"comment_status":"open","ping_status":"open","sticky":false,"template":"","format":"standard","meta":{"footnotes":""},"categories":[2],"tags":[172],"class_list":["post-25308","post","type-post","status-publish","format-standard","has-post-thumbnail","hentry","category-policial","tag-featured"],"amp_enabled":true,"_links":{"self":[{"href":"https:\/\/radiostudiow.com.br\/site\/wp-json\/wp\/v2\/posts\/25308","targetHints":{"allow":["GET"]}}],"collection":[{"href":"https:\/\/radiostudiow.com.br\/site\/wp-json\/wp\/v2\/posts"}],"about":[{"href":"https:\/\/radiostudiow.com.br\/site\/wp-json\/wp\/v2\/types\/post"}],"author":[{"embeddable":true,"href":"https:\/\/radiostudiow.com.br\/site\/wp-json\/wp\/v2\/users\/2"}],"replies":[{"embeddable":true,"href":"https:\/\/radiostudiow.com.br\/site\/wp-json\/wp\/v2\/comments?post=25308"}],"version-history":[{"count":1,"href":"https:\/\/radiostudiow.com.br\/site\/wp-json\/wp\/v2\/posts\/25308\/revisions"}],"predecessor-version":[{"id":25310,"href":"https:\/\/radiostudiow.com.br\/site\/wp-json\/wp\/v2\/posts\/25308\/revisions\/25310"}],"wp:featuredmedia":[{"embeddable":true,"href":"https:\/\/radiostudiow.com.br\/site\/wp-json\/wp\/v2\/media\/25309"}],"wp:attachment":[{"href":"https:\/\/radiostudiow.com.br\/site\/wp-json\/wp\/v2\/media?parent=25308"}],"wp:term":[{"taxonomy":"category","embeddable":true,"href":"https:\/\/radiostudiow.com.br\/site\/wp-json\/wp\/v2\/categories?post=25308"},{"taxonomy":"post_tag","embeddable":true,"href":"https:\/\/radiostudiow.com.br\/site\/wp-json\/wp\/v2\/tags?post=25308"}],"curies":[{"name":"wp","href":"https:\/\/api.w.org\/{rel}","templated":true}]}}