{"id":25311,"date":"2024-07-30T19:30:16","date_gmt":"2024-07-30T22:30:16","guid":{"rendered":"https:\/\/radiostudiow.com.br\/site\/?p=25311"},"modified":"2025-01-31T14:59:04","modified_gmt":"2025-01-31T17:59:04","slug":"parana-encerra-periodo-epidemiologico-23-24-da-dengue-com-595-mil-casos","status":"publish","type":"post","link":"https:\/\/radiostudiow.com.br\/site\/2024\/07\/30\/parana-encerra-periodo-epidemiologico-23-24-da-dengue-com-595-mil-casos\/","title":{"rendered":"Paran\u00e1 encerra per\u00edodo epidemiol\u00f3gico 23\/24 da dengue com 595 mil casos"},"content":{"rendered":"\n<p>A Secretaria de Estado da Sa\u00fade (Sesa) publicou nesta ter\u00e7a-feira (30) o \u00faltimo informe da dengue deste per\u00edodo epidemiol\u00f3gico, iniciado em 30 de julho de 2023. Foram registrados mais 8.031 casos da doen\u00e7a e 39 \u00f3bitos na \u00faltima semana. Somados aos dados do per\u00edodo, o Paran\u00e1 contabiliza 939.453 notifica\u00e7\u00f5es, 595.732 casos confirmados e 610 mortes em decorr\u00eancia da dengue.<\/p>\n\n\n\n<p>Londrina (40.552), Cascavel (32.338), Maring\u00e1 (23.232), Apucarana (18.619) e Ponta Grossa (17.440) foram os munic\u00edpios com mais casos confirmados neste per\u00edodo epidemiol\u00f3gico. No total, s\u00e3o 397 munic\u00edpios com confirma\u00e7\u00f5es da doen\u00e7a. Apenas Agudos do Sul e Tunas do Paran\u00e1, na Regi\u00e3o Metropolitana de Curitiba, n\u00e3o tiveram registros&nbsp;\u2013 Tunas do Paran\u00e1 aparecia at\u00e9 h\u00e1 pouco com um caso confirmado, que foi descartado. Em rela\u00e7\u00e3o aos \u00f3bitos, Cascavel (57), Londrina (52), Toledo (44), Apucarana (27) e Francisco Beltr\u00e3o (19) lideram a lista.<\/p>\n\n\n\n<figure class=\"wp-block-image size-large is-resized\"><img decoding=\"async\" src=\"https:\/\/radiostudiow.com.br\/site\/wp-content\/uploads\/2024\/05\/LABIRATI-1024x1024.png\" alt=\"\" class=\"wp-image-22265\" style=\"width:410px;height:auto\"\/><\/figure>\n\n\n\n<p>H\u00e1 33 anos a Sesa divulga o panorama das arboviroses no Paran\u00e1. Em 1991, os primeiros dados registrados apresentaram 161 notifica\u00e7\u00f5es da dengue e 16 casos importados confirmados ao longo de doze meses. No ano de 1993 foram registrados os primeiros casos aut\u00f3ctones do Estado, tr\u00eas no total.<\/p>\n\n\n\n<p>A partir de 1995, o aumento dos casos aut\u00f3ctones foi expressivo, totalizando 1.519 dos 3.595 casos notificados naquele ano. \u00c0 \u00e9poca, a popula\u00e7\u00e3o paranaense era de 8,7 milh\u00f5es de habitantes e havia uma incid\u00eancia de 17,43 casos aut\u00f3ctones por 100 mil habitantes. Os dados atuais s\u00e3o de 525.631 casos aut\u00f3ctones em uma popula\u00e7\u00e3o de 11,5 milh\u00f5es de habitantes \u2013 uma incid\u00eancia de 4.532,28 por 100 mil habitantes.<\/p>\n\n\n\n<p>At\u00e9 o per\u00edodo 2023\/2024, o ano epidemiol\u00f3gico 2019\/2020 era o que concentrava mais casos, com 227.724, al\u00e9m de 177 \u00f3bitos.<\/p>\n\n\n\n<figure class=\"wp-block-image size-full\"><img loading=\"lazy\" decoding=\"async\" width=\"800\" height=\"720\" src=\"https:\/\/radiostudiow.com.br\/site\/wp-content\/uploads\/2024\/05\/01-6.jpg\" alt=\"\" class=\"wp-image-22870\" srcset=\"https:\/\/radiostudiow.com.br\/site\/wp-content\/uploads\/2024\/05\/01-6.jpg 800w, https:\/\/radiostudiow.com.br\/site\/wp-content\/uploads\/2024\/05\/01-6-300x270.jpg 300w, https:\/\/radiostudiow.com.br\/site\/wp-content\/uploads\/2024\/05\/01-6-768x691.jpg 768w\" sizes=\"auto, (max-width: 800px) 100vw, 800px\" \/><\/figure>\n\n\n\n<p>Para a coordenadora da Vigil\u00e2ncia Ambiental, Ivana Belmonte, os dados de 2023\/2024 podem ser atribu\u00eddos, em grande parte, \u00e0s mudan\u00e7as clim\u00e1ticas, influenciadas, principalmente, pelo El Ni\u00f1o.\u00a0<strong><em>\u201cAs regi\u00f5es que historicamente apresentavam baixa circula\u00e7\u00e3o viral passaram a apresentar um cen\u00e1rio de impacto&#8221;<\/em><\/strong>, diz. <em><strong>&#8220;O aumento da pluviosidade e das temperaturas m\u00e9dias tem sido important\u00edssimos para a prolifera\u00e7\u00e3o do Aedes, fazendo com que a densidade vetorial aumente, o que reflete na transmiss\u00e3o da dengue, sendo imprescind\u00edvel a elimina\u00e7\u00e3o dos criadouros\u201d.<\/strong><\/em><\/p>\n\n\n\n<p>A Sesa se mant\u00e9m vigilante quanto ao cen\u00e1rio e j\u00e1 trabalha definindo novas e cont\u00ednuas a\u00e7\u00f5es para o novo per\u00edodo epidemiol\u00f3gico, que teve in\u00edcio em 28 de julho de 2024.<\/p>\n\n\n\n<p><strong><em>\u201cJ\u00e1 projetamos e programamos a\u00e7\u00f5es para o pr\u00f3ximo per\u00edodo sazonal. S\u00f3 nos \u00faltimos seis meses investimos\u00a0R$ 100 milh\u00f5es para apoiar gestores municipais nas a\u00e7\u00f5es de Vigil\u00e2ncia em Sa\u00fade. N\u00e3o faltam recursos. Mas\u00a0pedimos a colabora\u00e7\u00e3o de toda a popula\u00e7\u00e3o com a elimina\u00e7\u00e3o de potenciais criadouros do vetor\u201d<\/em><\/strong>, complementa Ivana Belmonte.\u00a0<\/p>\n\n\n\n<figure class=\"wp-block-image size-full\"><img loading=\"lazy\" decoding=\"async\" width=\"598\" height=\"204\" src=\"https:\/\/radiostudiow.com.br\/site\/wp-content\/uploads\/2024\/04\/image-29.png\" alt=\"\" class=\"wp-image-21283\" srcset=\"https:\/\/radiostudiow.com.br\/site\/wp-content\/uploads\/2024\/04\/image-29.png 598w, https:\/\/radiostudiow.com.br\/site\/wp-content\/uploads\/2024\/04\/image-29-300x102.png 300w\" sizes=\"auto, (max-width: 598px) 100vw, 598px\" \/><\/figure>\n\n\n\n<p>O secret\u00e1rio estadual da Sa\u00fade, Cesar Neves, lembra que o \u00faltimo per\u00edodo foi de muito trabalho e dedica\u00e7\u00e3o das equipes. <strong><em>\u201cA dengue est\u00e1 presente em praticamente em todo o Pa\u00eds, com mais de 6 milh\u00f5es de casos e 4,8 mil \u00f3bitos, e no Paran\u00e1 n\u00e3o foi diferente. Assim como em outros estados, aqui tamb\u00e9m houve enfrentamento dessa grande epidemia. N\u00e3o medimos esfor\u00e7os para a realiza\u00e7\u00e3o de a\u00e7\u00f5es resolutivas, por\u00e9m precisamos da ajuda da popula\u00e7\u00e3o\u201d,<\/em><\/strong> afirmou.<\/p>\n\n\n\n<p>A situa\u00e7\u00e3o em rela\u00e7\u00e3o \u00e0 doen\u00e7a fez com que o Governo do Estado decretasse, em mar\u00e7o, a situa\u00e7\u00e3o de emerg\u00eancia em sa\u00fade p\u00fablica para a dengue. A decis\u00e3o foi tomada devido ao aumento no n\u00famero de casos e \u00f3bitos pela doen\u00e7a. A vig\u00eancia do decreto foi de 90 dias.<\/p>\n\n\n\n<p><strong>V\u00cdRUS\u00a0\u2013<\/strong>\u00a0No per\u00edodo 23\/24, foram detectados tr\u00eas sorotipos de dengue em circula\u00e7\u00e3o no Paran\u00e1: DENV-1, DENV-2 e DENV-3.\u00a0O DENV-1 teve a maior circula\u00e7\u00e3o nos munic\u00edpios, representando mais de 80% das amostras tipificadas pelo Laborat\u00f3rio Central do Estado do Paran\u00e1 (Lacen). \u201cA dengue \u00e9 uma doen\u00e7a end\u00eamica, temos casos durante todo o ano, mas o per\u00edodo de maior concentra\u00e7\u00e3o de casos notificados teve in\u00edcio em janeiro e foi at\u00e9 maio, sendo que mar\u00e7o e abril concentram o maior n\u00famero de casos\u201d, explicou a coordenadora da Vigil\u00e2ncia Ambiental.<\/p>\n","protected":false},"excerpt":{"rendered":"<p>A Secretaria de Estado da Sa\u00fade (Sesa) publicou nesta ter\u00e7a-feira (30) o \u00faltimo informe da dengue deste per\u00edodo epidemiol\u00f3gico, iniciado em 30 de julho de 2023. Foram registrados mais 8.031 casos da doen\u00e7a e 39 \u00f3bitos na \u00faltima semana. Somados aos dados do per\u00edodo, o Paran\u00e1 contabiliza 939.453 notifica\u00e7\u00f5es, 595.732 casos confirmados e 610 mortes [&hellip;]<\/p>\n","protected":false},"author":2,"featured_media":23432,"comment_status":"open","ping_status":"open","sticky":false,"template":"","format":"standard","meta":{"footnotes":""},"categories":[182],"tags":[172],"class_list":["post-25311","post","type-post","status-publish","format-standard","has-post-thumbnail","hentry","category-saude","tag-featured"],"amp_enabled":true,"_links":{"self":[{"href":"https:\/\/radiostudiow.com.br\/site\/wp-json\/wp\/v2\/posts\/25311","targetHints":{"allow":["GET"]}}],"collection":[{"href":"https:\/\/radiostudiow.com.br\/site\/wp-json\/wp\/v2\/posts"}],"about":[{"href":"https:\/\/radiostudiow.com.br\/site\/wp-json\/wp\/v2\/types\/post"}],"author":[{"embeddable":true,"href":"https:\/\/radiostudiow.com.br\/site\/wp-json\/wp\/v2\/users\/2"}],"replies":[{"embeddable":true,"href":"https:\/\/radiostudiow.com.br\/site\/wp-json\/wp\/v2\/comments?post=25311"}],"version-history":[{"count":1,"href":"https:\/\/radiostudiow.com.br\/site\/wp-json\/wp\/v2\/posts\/25311\/revisions"}],"predecessor-version":[{"id":25312,"href":"https:\/\/radiostudiow.com.br\/site\/wp-json\/wp\/v2\/posts\/25311\/revisions\/25312"}],"wp:featuredmedia":[{"embeddable":true,"href":"https:\/\/radiostudiow.com.br\/site\/wp-json\/wp\/v2\/media\/23432"}],"wp:attachment":[{"href":"https:\/\/radiostudiow.com.br\/site\/wp-json\/wp\/v2\/media?parent=25311"}],"wp:term":[{"taxonomy":"category","embeddable":true,"href":"https:\/\/radiostudiow.com.br\/site\/wp-json\/wp\/v2\/categories?post=25311"},{"taxonomy":"post_tag","embeddable":true,"href":"https:\/\/radiostudiow.com.br\/site\/wp-json\/wp\/v2\/tags?post=25311"}],"curies":[{"name":"wp","href":"https:\/\/api.w.org\/{rel}","templated":true}]}}