{"id":25313,"date":"2024-07-30T19:41:33","date_gmt":"2024-07-30T22:41:33","guid":{"rendered":"https:\/\/radiostudiow.com.br\/site\/?p=25313"},"modified":"2025-01-31T14:59:04","modified_gmt":"2025-01-31T17:59:04","slug":"tentativa-de-invasao-em-residencia-em-general-carneiro-preocupa-moradores","status":"publish","type":"post","link":"https:\/\/radiostudiow.com.br\/site\/2024\/07\/30\/tentativa-de-invasao-em-residencia-em-general-carneiro-preocupa-moradores\/","title":{"rendered":"Tentativa de Invas\u00e3o em Resid\u00eancia em General Carneiro Preocupa Moradores"},"content":{"rendered":"\n<figure class=\"wp-block-image size-full\"><img loading=\"lazy\" decoding=\"async\" width=\"897\" height=\"204\" src=\"https:\/\/radiostudiow.com.br\/site\/wp-content\/uploads\/2024\/04\/image-18.png\" alt=\"\" class=\"wp-image-21207\" srcset=\"https:\/\/radiostudiow.com.br\/site\/wp-content\/uploads\/2024\/04\/image-18.png 897w, https:\/\/radiostudiow.com.br\/site\/wp-content\/uploads\/2024\/04\/image-18-300x68.png 300w, https:\/\/radiostudiow.com.br\/site\/wp-content\/uploads\/2024\/04\/image-18-768x175.png 768w\" sizes=\"auto, (max-width: 897px) 100vw, 897px\" \/><\/figure>\n\n\n\n<p>Na tarde desta segunda-feira, 29 de julho, por volta das 13h30min, a Pol\u00edcia Militar de General Carneiro foi acionada para atender a uma ocorr\u00eancia de tentativa de invas\u00e3o em uma resid\u00eancia no bairro Planalto. O chamado foi realizado via Sistema de Atendimento Descentralizado de Emerg\u00eancias (SADE), ap\u00f3s um morador relatar um comportamento suspeito nas proximidades de sua casa.<\/p>\n\n\n\n<p>De acordo com o boletim de ocorr\u00eancia, o denunciante informou que um homem tentou entrar em sua resid\u00eancia no dia anterior. Ao perceber a presen\u00e7a do morador, o suspeito fugiu rapidamente, saindo por tr\u00e1s da casa. A situa\u00e7\u00e3o se repetiu na tarde de hoje, o que levou a v\u00edtima a solicitar a presen\u00e7a da pol\u00edcia.<\/p>\n\n\n\n<figure class=\"wp-block-image size-full\"><img decoding=\"async\" src=\"https:\/\/radiostudiow.com.br\/site\/wp-content\/uploads\/2024\/04\/SITE-MEDIO.png\" alt=\"\" class=\"wp-image-21854\"\/><\/figure>\n\n\n\n<p>Ao chegar ao local, a equipe policial foi recebida pelo morador, que descreveu os dois incidentes e expressou preocupa\u00e7\u00e3o com a seguran\u00e7a de sua fam\u00edlia.<\/p>\n\n\n\n<p>A Pol\u00edcia Militar orientou a v\u00edtima sobre os procedimentos a serem seguidos, destacando a import\u00e2ncia de registrar um boletim de ocorr\u00eancia formal para dar continuidade \u00e0s investiga\u00e7\u00f5es. Al\u00e9m disso, os policiais realizaram buscas na \u00e1rea, mas at\u00e9 o momento, o suspeito n\u00e3o foi localizado.<\/p>\n","protected":false},"excerpt":{"rendered":"<p>Na tarde desta segunda-feira, 29 de julho, por volta das 13h30min, a Pol\u00edcia Militar de General Carneiro foi acionada para atender a uma ocorr\u00eancia de tentativa de invas\u00e3o em uma resid\u00eancia no bairro Planalto. O chamado foi realizado via Sistema de Atendimento Descentralizado de Emerg\u00eancias (SADE), ap\u00f3s um morador relatar um comportamento suspeito nas proximidades [&hellip;]<\/p>\n","protected":false},"author":2,"featured_media":13898,"comment_status":"open","ping_status":"open","sticky":false,"template":"","format":"standard","meta":{"footnotes":""},"categories":[2],"tags":[],"class_list":["post-25313","post","type-post","status-publish","format-standard","has-post-thumbnail","hentry","category-policial"],"amp_enabled":true,"_links":{"self":[{"href":"https:\/\/radiostudiow.com.br\/site\/wp-json\/wp\/v2\/posts\/25313","targetHints":{"allow":["GET"]}}],"collection":[{"href":"https:\/\/radiostudiow.com.br\/site\/wp-json\/wp\/v2\/posts"}],"about":[{"href":"https:\/\/radiostudiow.com.br\/site\/wp-json\/wp\/v2\/types\/post"}],"author":[{"embeddable":true,"href":"https:\/\/radiostudiow.com.br\/site\/wp-json\/wp\/v2\/users\/2"}],"replies":[{"embeddable":true,"href":"https:\/\/radiostudiow.com.br\/site\/wp-json\/wp\/v2\/comments?post=25313"}],"version-history":[{"count":2,"href":"https:\/\/radiostudiow.com.br\/site\/wp-json\/wp\/v2\/posts\/25313\/revisions"}],"predecessor-version":[{"id":25326,"href":"https:\/\/radiostudiow.com.br\/site\/wp-json\/wp\/v2\/posts\/25313\/revisions\/25326"}],"wp:featuredmedia":[{"embeddable":true,"href":"https:\/\/radiostudiow.com.br\/site\/wp-json\/wp\/v2\/media\/13898"}],"wp:attachment":[{"href":"https:\/\/radiostudiow.com.br\/site\/wp-json\/wp\/v2\/media?parent=25313"}],"wp:term":[{"taxonomy":"category","embeddable":true,"href":"https:\/\/radiostudiow.com.br\/site\/wp-json\/wp\/v2\/categories?post=25313"},{"taxonomy":"post_tag","embeddable":true,"href":"https:\/\/radiostudiow.com.br\/site\/wp-json\/wp\/v2\/tags?post=25313"}],"curies":[{"name":"wp","href":"https:\/\/api.w.org\/{rel}","templated":true}]}}