{"id":25319,"date":"2024-07-30T20:41:57","date_gmt":"2024-07-30T23:41:57","guid":{"rendered":"https:\/\/radiostudiow.com.br\/site\/?p=25319"},"modified":"2025-01-31T14:59:04","modified_gmt":"2025-01-31T17:59:04","slug":"mulher-denuncia-ameacas-do-ex-marido-em-paulo-frontin-e-recebe-orientacao-da-policia","status":"publish","type":"post","link":"https:\/\/radiostudiow.com.br\/site\/2024\/07\/30\/mulher-denuncia-ameacas-do-ex-marido-em-paulo-frontin-e-recebe-orientacao-da-policia\/","title":{"rendered":"Mulher Denuncia Amea\u00e7as do Ex-marido em Paulo Frontin e Recebe Orienta\u00e7\u00e3o da Pol\u00edcia"},"content":{"rendered":"\n<p>Na manh\u00e3 de segunda-feira, 29 de julho, \u00e0s 10h50, uma mulher compareceu ao destacamento policial do centro de Paulo Frontin para relatar que seu ex-marido a teria amea\u00e7ado por telefone celular. Segundo a v\u00edtima, ele insiste para que ela volte a morar com ele, apesar de seu desejo claro de n\u00e3o retomar o relacionamento.<\/p>\n\n\n\n<figure class=\"wp-block-image size-full\"><img loading=\"lazy\" decoding=\"async\" width=\"897\" height=\"204\" src=\"https:\/\/radiostudiow.com.br\/site\/wp-content\/uploads\/2024\/04\/image-19.png\" alt=\"\" class=\"wp-image-21212\" srcset=\"https:\/\/radiostudiow.com.br\/site\/wp-content\/uploads\/2024\/04\/image-19.png 897w, https:\/\/radiostudiow.com.br\/site\/wp-content\/uploads\/2024\/04\/image-19-300x68.png 300w, https:\/\/radiostudiow.com.br\/site\/wp-content\/uploads\/2024\/04\/image-19-768x175.png 768w\" sizes=\"auto, (max-width: 897px) 100vw, 897px\" \/><\/figure>\n\n\n\n<p>A mulher informou \u00e0s autoridades que n\u00e3o deseja mais morar com o ex-marido e que est\u00e1 determinada a seguir com o processo de separa\u00e7\u00e3o. Preocupada com a seguran\u00e7a e o bem-estar, ela decidiu procurar a pol\u00edcia para relatar as amea\u00e7as e buscar orienta\u00e7\u00e3o sobre os procedimentos legais dispon\u00edveis para sua prote\u00e7\u00e3o.<\/p>\n\n\n\n<p>A pol\u00edcia local, ao receber a den\u00fancia, orientou a mulher sobre os procedimentos judiciais cab\u00edveis em casos de viol\u00eancia dom\u00e9stica e amea\u00e7a. Os agentes enfatizaram a import\u00e2ncia de medidas protetivas, que podem ser solicitadas junto ao sistema judici\u00e1rio, para garantir a seguran\u00e7a da v\u00edtima.<\/p>\n","protected":false},"excerpt":{"rendered":"<p>Na manh\u00e3 de segunda-feira, 29 de julho, \u00e0s 10h50, uma mulher compareceu ao destacamento policial do centro de Paulo Frontin para relatar que seu ex-marido a teria amea\u00e7ado por telefone celular. Segundo a v\u00edtima, ele insiste para que ela volte a morar com ele, apesar de seu desejo claro de n\u00e3o retomar o relacionamento. A [&hellip;]<\/p>\n","protected":false},"author":2,"featured_media":24732,"comment_status":"open","ping_status":"open","sticky":false,"template":"","format":"standard","meta":{"footnotes":""},"categories":[2],"tags":[172],"class_list":["post-25319","post","type-post","status-publish","format-standard","has-post-thumbnail","hentry","category-policial","tag-featured"],"amp_enabled":true,"_links":{"self":[{"href":"https:\/\/radiostudiow.com.br\/site\/wp-json\/wp\/v2\/posts\/25319","targetHints":{"allow":["GET"]}}],"collection":[{"href":"https:\/\/radiostudiow.com.br\/site\/wp-json\/wp\/v2\/posts"}],"about":[{"href":"https:\/\/radiostudiow.com.br\/site\/wp-json\/wp\/v2\/types\/post"}],"author":[{"embeddable":true,"href":"https:\/\/radiostudiow.com.br\/site\/wp-json\/wp\/v2\/users\/2"}],"replies":[{"embeddable":true,"href":"https:\/\/radiostudiow.com.br\/site\/wp-json\/wp\/v2\/comments?post=25319"}],"version-history":[{"count":1,"href":"https:\/\/radiostudiow.com.br\/site\/wp-json\/wp\/v2\/posts\/25319\/revisions"}],"predecessor-version":[{"id":25321,"href":"https:\/\/radiostudiow.com.br\/site\/wp-json\/wp\/v2\/posts\/25319\/revisions\/25321"}],"wp:featuredmedia":[{"embeddable":true,"href":"https:\/\/radiostudiow.com.br\/site\/wp-json\/wp\/v2\/media\/24732"}],"wp:attachment":[{"href":"https:\/\/radiostudiow.com.br\/site\/wp-json\/wp\/v2\/media?parent=25319"}],"wp:term":[{"taxonomy":"category","embeddable":true,"href":"https:\/\/radiostudiow.com.br\/site\/wp-json\/wp\/v2\/categories?post=25319"},{"taxonomy":"post_tag","embeddable":true,"href":"https:\/\/radiostudiow.com.br\/site\/wp-json\/wp\/v2\/tags?post=25319"}],"curies":[{"name":"wp","href":"https:\/\/api.w.org\/{rel}","templated":true}]}}