{"id":25327,"date":"2024-07-31T10:51:07","date_gmt":"2024-07-31T13:51:07","guid":{"rendered":"https:\/\/radiostudiow.com.br\/site\/?p=25327"},"modified":"2025-01-31T14:59:04","modified_gmt":"2025-01-31T17:59:04","slug":"sicredi-centro-sul-pr-sc-rj-alcanca-mais-de-2-mil-pessoas-em-acoes-de-voluntariado","status":"publish","type":"post","link":"https:\/\/radiostudiow.com.br\/site\/2024\/07\/31\/sicredi-centro-sul-pr-sc-rj-alcanca-mais-de-2-mil-pessoas-em-acoes-de-voluntariado\/","title":{"rendered":"Sicredi Centro Sul PR\/SC\/RJ alcan\u00e7a mais de 2 mil pessoas em a\u00e7\u00f5es de voluntariado"},"content":{"rendered":"\n<p><em>Cooperativa mobiliza mais de 200 volunt\u00e1rios em 20 atividades j\u00e1 realizadas desde o in\u00edcio de 2024<\/em><\/p>\n\n\n\n<p>A Sicredi Centro Sul PR\/SC\/RJ mobilizou mais de 200 volunt\u00e1rios e alcan\u00e7ou<br>mais de 2 mil pessoas por meio de suas iniciativas desde o in\u00edcio de 2024, e seguir\u00e1<br>desenvolvendo novas a\u00e7\u00f5es no decorrer do ano. As 20 atividades j\u00e1 promovidas<br>inclu\u00edram desde campanhas de arrecada\u00e7\u00e3o de alimentos e roupas at\u00e9 a\u00e7\u00f5es de<br>educa\u00e7\u00e3o financeira e apoio a institui\u00e7\u00f5es locais. Cada iniciativa foi cuidadosamente<br>planejada para atender \u00e0s necessidades espec\u00edficas das regi\u00f5es, refor\u00e7ando o<br>compromisso do Sicredi como agente de transforma\u00e7\u00e3o social e sustent\u00e1vel,<br>promovendo o protagonismo entre sociedade e cooperativa.<\/p>\n\n\n\n<figure class=\"wp-block-image size-full\"><img loading=\"lazy\" decoding=\"async\" width=\"897\" height=\"204\" src=\"https:\/\/radiostudiow.com.br\/site\/wp-content\/uploads\/2024\/04\/image-37.png\" alt=\"\" class=\"wp-image-21305\" srcset=\"https:\/\/radiostudiow.com.br\/site\/wp-content\/uploads\/2024\/04\/image-37.png 897w, https:\/\/radiostudiow.com.br\/site\/wp-content\/uploads\/2024\/04\/image-37-300x68.png 300w, https:\/\/radiostudiow.com.br\/site\/wp-content\/uploads\/2024\/04\/image-37-768x175.png 768w\" sizes=\"auto, (max-width: 897px) 100vw, 897px\" \/><\/figure>\n\n\n\n<p><em><strong>\u201cAgradecemos a todos os colaboradores e volunt\u00e1rios que dedicaram seu tempo e<br>esfor\u00e7o para tornar essas a\u00e7\u00f5es poss\u00edveis. A participa\u00e7\u00e3o de cada um \u00e9 essencial<br>para o sucesso de nossas iniciativas e para a constru\u00e7\u00e3o de uma sociedade mais justa<br>e colaborativa\u201d,<\/strong> comemora Santo Cappellari, Presidente da Sicredi Centro Sul<br>PR\/SC\/RJ.<\/em><\/p>\n\n\n\n<p>Para Cappellari, a presen\u00e7a transformadora na sociedade fortalece o<br>prop\u00f3sito de promover o desenvolvimento sustent\u00e1vel e o bem-estar das comunidades<br>onde a cooperativa atua.<em> <strong>\u201cQue o esp\u00edrito de coopera\u00e7\u00e3o e voluntariado continue a<br>crescer e a inspirar mais pessoas a fazer a diferen\u00e7a\u201d, <\/strong>ressalta.<\/em><\/p>\n\n\n\n<p>Algumas das a\u00e7\u00f5es foram realizadas em alus\u00e3o ao Dia de Cooperar (Dia C),<br>comemorado anualmente em todo o Brasil. A data \u00e9 uma oportunidade especial para<br>destacar a ess\u00eancia do cooperativismo: a coopera\u00e7\u00e3o e a ajuda m\u00fatua. Iniciado pelo<br>Sistema OCB \u2014 Organiza\u00e7\u00e3o das Cooperativas do Brasil, o Dia C ganhou for\u00e7a ao<br>longo dos anos e \u00e9 celebrado sempre no primeiro s\u00e1bado de julho. Al\u00e9m das<br>atividades do Dia C, os projetos de voluntariado promovidos pela Sicredi Centro Sul<br>PR\/SC\/RJ tamb\u00e9m ocorrem no decorrer do ano.<\/p>\n\n\n\n<figure class=\"wp-block-gallery has-nested-images columns-default is-cropped wp-block-gallery-1 is-layout-flex wp-block-gallery-is-layout-flex\">\n<figure class=\"wp-block-image size-large\"><img loading=\"lazy\" decoding=\"async\" width=\"1024\" height=\"901\" data-id=\"25331\" src=\"https:\/\/radiostudiow.com.br\/site\/wp-content\/uploads\/2024\/07\/Irati-Centro-plantio-de-arvores-1024x901.jpeg\" alt=\"\" class=\"wp-image-25331\" srcset=\"https:\/\/radiostudiow.com.br\/site\/wp-content\/uploads\/2024\/07\/Irati-Centro-plantio-de-arvores-1024x901.jpeg 1024w, https:\/\/radiostudiow.com.br\/site\/wp-content\/uploads\/2024\/07\/Irati-Centro-plantio-de-arvores-300x264.jpeg 300w, https:\/\/radiostudiow.com.br\/site\/wp-content\/uploads\/2024\/07\/Irati-Centro-plantio-de-arvores-768x676.jpeg 768w, https:\/\/radiostudiow.com.br\/site\/wp-content\/uploads\/2024\/07\/Irati-Centro-plantio-de-arvores.jpeg 1536w\" sizes=\"auto, (max-width: 1024px) 100vw, 1024px\" \/><\/figure>\n\n\n\n<figure class=\"wp-block-image size-large\"><img loading=\"lazy\" decoding=\"async\" width=\"1024\" height=\"768\" data-id=\"25330\" src=\"https:\/\/radiostudiow.com.br\/site\/wp-content\/uploads\/2024\/07\/Teixeira-Arrecad-RS-1024x768.jpg\" alt=\"\" class=\"wp-image-25330\" srcset=\"https:\/\/radiostudiow.com.br\/site\/wp-content\/uploads\/2024\/07\/Teixeira-Arrecad-RS-1024x768.jpg 1024w, https:\/\/radiostudiow.com.br\/site\/wp-content\/uploads\/2024\/07\/Teixeira-Arrecad-RS-300x225.jpg 300w, https:\/\/radiostudiow.com.br\/site\/wp-content\/uploads\/2024\/07\/Teixeira-Arrecad-RS-768x576.jpg 768w, https:\/\/radiostudiow.com.br\/site\/wp-content\/uploads\/2024\/07\/Teixeira-Arrecad-RS-1536x1152.jpg 1536w, https:\/\/radiostudiow.com.br\/site\/wp-content\/uploads\/2024\/07\/Teixeira-Arrecad-RS.jpg 1600w\" sizes=\"auto, (max-width: 1024px) 100vw, 1024px\" \/><\/figure>\n<\/figure>\n\n\n\n<figure class=\"wp-block-gallery has-nested-images columns-default is-cropped wp-block-gallery-2 is-layout-flex wp-block-gallery-is-layout-flex\">\n<figure class=\"wp-block-image size-large\"><img loading=\"lazy\" decoding=\"async\" width=\"768\" height=\"1024\" data-id=\"25332\" src=\"https:\/\/radiostudiow.com.br\/site\/wp-content\/uploads\/2024\/07\/Cavalin-Doacao-de-sangue-768x1024.jpeg\" alt=\"\" class=\"wp-image-25332\" srcset=\"https:\/\/radiostudiow.com.br\/site\/wp-content\/uploads\/2024\/07\/Cavalin-Doacao-de-sangue-768x1024.jpeg 768w, https:\/\/radiostudiow.com.br\/site\/wp-content\/uploads\/2024\/07\/Cavalin-Doacao-de-sangue-225x300.jpeg 225w, https:\/\/radiostudiow.com.br\/site\/wp-content\/uploads\/2024\/07\/Cavalin-Doacao-de-sangue.jpeg 960w\" sizes=\"auto, (max-width: 768px) 100vw, 768px\" \/><\/figure>\n\n\n\n<figure class=\"wp-block-image size-large\"><img loading=\"lazy\" decoding=\"async\" width=\"768\" height=\"1024\" data-id=\"25328\" src=\"https:\/\/radiostudiow.com.br\/site\/wp-content\/uploads\/2024\/07\/Sede-Regional-RS-768x1024.jpg\" alt=\"\" class=\"wp-image-25328\" srcset=\"https:\/\/radiostudiow.com.br\/site\/wp-content\/uploads\/2024\/07\/Sede-Regional-RS-768x1024.jpg 768w, https:\/\/radiostudiow.com.br\/site\/wp-content\/uploads\/2024\/07\/Sede-Regional-RS-225x300.jpg 225w, https:\/\/radiostudiow.com.br\/site\/wp-content\/uploads\/2024\/07\/Sede-Regional-RS-1152x1536.jpg 1152w, https:\/\/radiostudiow.com.br\/site\/wp-content\/uploads\/2024\/07\/Sede-Regional-RS-1536x2048.jpg 1536w, https:\/\/radiostudiow.com.br\/site\/wp-content\/uploads\/2024\/07\/Sede-Regional-RS-scaled.jpg 1920w\" sizes=\"auto, (max-width: 768px) 100vw, 768px\" \/><\/figure>\n<\/figure>\n\n\n\n<p><strong>Sobre o Sicredi<\/strong><\/p>\n\n\n\n<p>O Sicredi \u00e9 uma institui\u00e7\u00e3o financeira cooperativa comprometida com o crescimento de seus associados e com o desenvolvimento das regi\u00f5es onde atua. Possui um modelo de gest\u00e3o que valoriza a participa\u00e7\u00e3o dos mais de 8 milh\u00f5es de associados, que exercem o papel de donos do neg\u00f3cio. Com mais de 2.700 ag\u00eancias, o Sicredi est\u00e1 presente fisicamente em todos os estados brasileiros e no Distrito Federal, disponibilizando uma gama completa de solu\u00e7\u00f5es financeiras e muito mais.&nbsp;<\/p>\n\n\n\n<p><strong>Site do Sicredi:&nbsp;<\/strong><a href=\"http:\/\/www.sicredi.com.br\/coop\/centrosulprscrj\" target=\"_blank\" rel=\"noreferrer noopener\"><strong>Clique aqui&nbsp;<\/strong><\/a><\/p>\n","protected":false},"excerpt":{"rendered":"<p>Cooperativa mobiliza mais de 200 volunt\u00e1rios em 20 atividades j\u00e1 realizadas desde o in\u00edcio de 2024 A Sicredi Centro Sul PR\/SC\/RJ mobilizou mais de 200 volunt\u00e1rios e alcan\u00e7oumais de 2 mil pessoas por meio de suas iniciativas desde o in\u00edcio de 2024, e seguir\u00e1desenvolvendo novas a\u00e7\u00f5es no decorrer do ano. As 20 atividades j\u00e1 promovidasinclu\u00edram [&hellip;]<\/p>\n","protected":false},"author":2,"featured_media":25329,"comment_status":"open","ping_status":"open","sticky":false,"template":"","format":"standard","meta":{"footnotes":""},"categories":[7],"tags":[172],"class_list":["post-25327","post","type-post","status-publish","format-standard","has-post-thumbnail","hentry","category-geral","tag-featured"],"amp_enabled":true,"_links":{"self":[{"href":"https:\/\/radiostudiow.com.br\/site\/wp-json\/wp\/v2\/posts\/25327","targetHints":{"allow":["GET"]}}],"collection":[{"href":"https:\/\/radiostudiow.com.br\/site\/wp-json\/wp\/v2\/posts"}],"about":[{"href":"https:\/\/radiostudiow.com.br\/site\/wp-json\/wp\/v2\/types\/post"}],"author":[{"embeddable":true,"href":"https:\/\/radiostudiow.com.br\/site\/wp-json\/wp\/v2\/users\/2"}],"replies":[{"embeddable":true,"href":"https:\/\/radiostudiow.com.br\/site\/wp-json\/wp\/v2\/comments?post=25327"}],"version-history":[{"count":1,"href":"https:\/\/radiostudiow.com.br\/site\/wp-json\/wp\/v2\/posts\/25327\/revisions"}],"predecessor-version":[{"id":25333,"href":"https:\/\/radiostudiow.com.br\/site\/wp-json\/wp\/v2\/posts\/25327\/revisions\/25333"}],"wp:featuredmedia":[{"embeddable":true,"href":"https:\/\/radiostudiow.com.br\/site\/wp-json\/wp\/v2\/media\/25329"}],"wp:attachment":[{"href":"https:\/\/radiostudiow.com.br\/site\/wp-json\/wp\/v2\/media?parent=25327"}],"wp:term":[{"taxonomy":"category","embeddable":true,"href":"https:\/\/radiostudiow.com.br\/site\/wp-json\/wp\/v2\/categories?post=25327"},{"taxonomy":"post_tag","embeddable":true,"href":"https:\/\/radiostudiow.com.br\/site\/wp-json\/wp\/v2\/tags?post=25327"}],"curies":[{"name":"wp","href":"https:\/\/api.w.org\/{rel}","templated":true}]}}