{"id":25334,"date":"2024-07-31T11:12:00","date_gmt":"2024-07-31T14:12:00","guid":{"rendered":"https:\/\/radiostudiow.com.br\/site\/?p=25334"},"modified":"2025-01-31T14:59:04","modified_gmt":"2025-01-31T17:59:04","slug":"motorista-de-veiculo-e-preso-por-embriaguez-pela-prf-em-sao-mateus-do-sul","status":"publish","type":"post","link":"https:\/\/radiostudiow.com.br\/site\/2024\/07\/31\/motorista-de-veiculo-e-preso-por-embriaguez-pela-prf-em-sao-mateus-do-sul\/","title":{"rendered":"Motorista de ve\u00edculo \u00e9 preso por embriaguez pela PRF em S\u00e3o Mateus do Sul"},"content":{"rendered":"\n<figure class=\"wp-block-image size-large\"><img loading=\"lazy\" decoding=\"async\" width=\"1024\" height=\"390\" src=\"https:\/\/radiostudiow.com.br\/site\/wp-content\/uploads\/2024\/06\/449383450_900410565459867_7398886830294326458_n-1024x390.png\" alt=\"\" class=\"wp-image-24042\" srcset=\"https:\/\/radiostudiow.com.br\/site\/wp-content\/uploads\/2024\/06\/449383450_900410565459867_7398886830294326458_n-1024x390.png 1024w, https:\/\/radiostudiow.com.br\/site\/wp-content\/uploads\/2024\/06\/449383450_900410565459867_7398886830294326458_n-300x114.png 300w, https:\/\/radiostudiow.com.br\/site\/wp-content\/uploads\/2024\/06\/449383450_900410565459867_7398886830294326458_n-768x292.png 768w, https:\/\/radiostudiow.com.br\/site\/wp-content\/uploads\/2024\/06\/449383450_900410565459867_7398886830294326458_n-1536x584.png 1536w, https:\/\/radiostudiow.com.br\/site\/wp-content\/uploads\/2024\/06\/449383450_900410565459867_7398886830294326458_n-2048x779.png 2048w\" sizes=\"auto, (max-width: 1024px) 100vw, 1024px\" \/><\/figure>\n\n\n\n<p>A equipe da Pol\u00edcia Rodovi\u00e1ria Federal (PRF), recebeu uma den\u00fancia de usu\u00e1rio da rodovia PR-151 onde relatava que um ve\u00edculo VW\/Saveiro de cor preta estava andando em zigue-zague pela rodovia por volta das 20 horas dessa ter\u00e7a-feira (30).<\/p>\n\n\n\n<p>De imediato foi solicitado apoio da RPA da cidade de S\u00e3o Mateus do Sul para realizar abordagem do ve\u00edculo, o qual foi localizado pr\u00f3ximo ao KM 440 na regi\u00e3o da \u00c1gua Branca.<\/p>\n\n\n\n<figure class=\"wp-block-image size-full\"><img loading=\"lazy\" decoding=\"async\" width=\"300\" height=\"180\" src=\"https:\/\/radiostudiow.com.br\/site\/wp-content\/uploads\/2024\/04\/SITE-PEQUENO-1.png\" alt=\"\" class=\"wp-image-21868\"\/><\/figure>\n\n\n\n<p>Durante abordagem foi constatado que o condutor n\u00e3o \u00e9 habilitado e estava com sintomas de embriaguez. Realizado o teste etilometrico o qual apontou 1.04 mg\/l. Dada voz de pris\u00e3o ao condutor encaminhado ao ponto Atendimento para confec\u00e7\u00e3o do laudo de les\u00f5es e posterior encaminhado para a 3\u00aa Sub Divis\u00e3o da Policia Civil para os procedimentos Judici\u00e1rio. Foram lavrados autos de infra\u00e7\u00e3o.<\/p>\n\n\n\n<figure class=\"wp-block-image size-large\"><img loading=\"lazy\" decoding=\"async\" width=\"819\" height=\"1024\" src=\"https:\/\/radiostudiow.com.br\/site\/wp-content\/uploads\/2024\/07\/453483191_882848457213487_6781304514765717766_n-819x1024.jpg\" alt=\"\" class=\"wp-image-25336\" srcset=\"https:\/\/radiostudiow.com.br\/site\/wp-content\/uploads\/2024\/07\/453483191_882848457213487_6781304514765717766_n-819x1024.jpg 819w, https:\/\/radiostudiow.com.br\/site\/wp-content\/uploads\/2024\/07\/453483191_882848457213487_6781304514765717766_n-240x300.jpg 240w, https:\/\/radiostudiow.com.br\/site\/wp-content\/uploads\/2024\/07\/453483191_882848457213487_6781304514765717766_n-768x960.jpg 768w, https:\/\/radiostudiow.com.br\/site\/wp-content\/uploads\/2024\/07\/453483191_882848457213487_6781304514765717766_n.jpg 1080w\" sizes=\"auto, (max-width: 819px) 100vw, 819px\" \/><\/figure>\n","protected":false},"excerpt":{"rendered":"<p>A equipe da Pol\u00edcia Rodovi\u00e1ria Federal (PRF), recebeu uma den\u00fancia de usu\u00e1rio da rodovia PR-151 onde relatava que um ve\u00edculo VW\/Saveiro de cor preta estava andando em zigue-zague pela rodovia por volta das 20 horas dessa ter\u00e7a-feira (30). De imediato foi solicitado apoio da RPA da cidade de S\u00e3o Mateus do Sul para realizar abordagem [&hellip;]<\/p>\n","protected":false},"author":2,"featured_media":25335,"comment_status":"open","ping_status":"open","sticky":false,"template":"","format":"standard","meta":{"footnotes":""},"categories":[2],"tags":[172],"class_list":["post-25334","post","type-post","status-publish","format-standard","has-post-thumbnail","hentry","category-policial","tag-featured"],"amp_enabled":true,"_links":{"self":[{"href":"https:\/\/radiostudiow.com.br\/site\/wp-json\/wp\/v2\/posts\/25334","targetHints":{"allow":["GET"]}}],"collection":[{"href":"https:\/\/radiostudiow.com.br\/site\/wp-json\/wp\/v2\/posts"}],"about":[{"href":"https:\/\/radiostudiow.com.br\/site\/wp-json\/wp\/v2\/types\/post"}],"author":[{"embeddable":true,"href":"https:\/\/radiostudiow.com.br\/site\/wp-json\/wp\/v2\/users\/2"}],"replies":[{"embeddable":true,"href":"https:\/\/radiostudiow.com.br\/site\/wp-json\/wp\/v2\/comments?post=25334"}],"version-history":[{"count":1,"href":"https:\/\/radiostudiow.com.br\/site\/wp-json\/wp\/v2\/posts\/25334\/revisions"}],"predecessor-version":[{"id":25337,"href":"https:\/\/radiostudiow.com.br\/site\/wp-json\/wp\/v2\/posts\/25334\/revisions\/25337"}],"wp:featuredmedia":[{"embeddable":true,"href":"https:\/\/radiostudiow.com.br\/site\/wp-json\/wp\/v2\/media\/25335"}],"wp:attachment":[{"href":"https:\/\/radiostudiow.com.br\/site\/wp-json\/wp\/v2\/media?parent=25334"}],"wp:term":[{"taxonomy":"category","embeddable":true,"href":"https:\/\/radiostudiow.com.br\/site\/wp-json\/wp\/v2\/categories?post=25334"},{"taxonomy":"post_tag","embeddable":true,"href":"https:\/\/radiostudiow.com.br\/site\/wp-json\/wp\/v2\/tags?post=25334"}],"curies":[{"name":"wp","href":"https:\/\/api.w.org\/{rel}","templated":true}]}}