{"id":25343,"date":"2024-07-31T16:26:42","date_gmt":"2024-07-31T19:26:42","guid":{"rendered":"https:\/\/radiostudiow.com.br\/site\/?p=25343"},"modified":"2025-01-31T14:59:04","modified_gmt":"2025-01-31T17:59:04","slug":"foragido-foi-preso-na-delegacia-da-mulher-de-uniao-da-vitoria","status":"publish","type":"post","link":"https:\/\/radiostudiow.com.br\/site\/2024\/07\/31\/foragido-foi-preso-na-delegacia-da-mulher-de-uniao-da-vitoria\/","title":{"rendered":"Foragido foi preso na delegacia da mulher de Uni\u00e3o da Vit\u00f3ria"},"content":{"rendered":"\n<p>A Delegacia da Mulher de Uni\u00e3o da Vit\u00f3ria realizou a pris\u00e3o de um homem de 44 anos, foragido da Justi\u00e7a a manh\u00e3 desta ter\u00e7a-feira (30).<\/p>\n\n\n\n<p>O indiv\u00edduo, condenado por homic\u00eddio culposo no tr\u00e2nsito, foi capturado enquanto prestava esclarecimentos sobre outro caso na sede policial.<\/p>\n\n\n\n<figure class=\"wp-block-image size-full\"><img loading=\"lazy\" decoding=\"async\" width=\"598\" height=\"204\" src=\"https:\/\/radiostudiow.com.br\/site\/wp-content\/uploads\/2024\/04\/image-29.png\" alt=\"\" class=\"wp-image-21283\" srcset=\"https:\/\/radiostudiow.com.br\/site\/wp-content\/uploads\/2024\/04\/image-29.png 598w, https:\/\/radiostudiow.com.br\/site\/wp-content\/uploads\/2024\/04\/image-29-300x102.png 300w\" sizes=\"auto, (max-width: 598px) 100vw, 598px\" \/><\/figure>\n\n\n\n<p>A pris\u00e3o foi efetuada ap\u00f3s a verifica\u00e7\u00e3o de um mandado de pris\u00e3o em aberto em seu nome, oriundo de Ponta Grossa.<\/p>\n\n\n\n<p>O condenado estava sendo procurado por crimes previstos nos artigos 302, 303 e 306 do C\u00f3digo de Tr\u00e2nsito Brasileiro (CTB), que incluem homic\u00eddio culposo no tr\u00e2nsito, les\u00e3o corporal culposa e conduzir ve\u00edculo sob a influ\u00eancia de \u00e1lcool ou subst\u00e2ncia psicoativa.<\/p>\n\n\n\n<p>Na ocasi\u00e3o, os crimes ocorreram em 2017 e a v\u00edtima faleceu enquanto utilizava um carrinho de rolim\u00e3.<\/p>\n\n\n\n<p>A a\u00e7\u00e3o bem-sucedida foi fruto de pr\u00e1ticas investigativas colaborativas entre diferentes ag\u00eancias policiais, conforme explicou o delegado Thiers Andregotti.<\/p>\n\n\n\n<figure class=\"wp-block-image size-full\"><img loading=\"lazy\" decoding=\"async\" width=\"300\" height=\"180\" src=\"https:\/\/radiostudiow.com.br\/site\/wp-content\/uploads\/2024\/04\/SITE-PEQUENO-1.png\" alt=\"\" class=\"wp-image-21868\"\/><\/figure>\n\n\n\n<p><em><strong>\u201cA pris\u00e3o deste foragido \u00e9 resultado do trabalho conjunto e das informa\u00e7\u00f5es compartilhadas entre as for\u00e7as de seguran\u00e7a. Isso refor\u00e7a a import\u00e2ncia da coopera\u00e7\u00e3o e integra\u00e7\u00e3o entre as diversas institui\u00e7\u00f5es de pol\u00edcia\u201d, <\/strong>afirmou o delegado.<\/em><\/p>\n\n\n\n<p>A pris\u00e3o refor\u00e7a o compromisso da Delegacia da Mulher de Uni\u00e3o da Vit\u00f3ria em promover a justi\u00e7a e garantir a seguran\u00e7a da comunidade, atuando de forma diligente e coordenada com outras institui\u00e7\u00f5es policiais.<\/p>\n","protected":false},"excerpt":{"rendered":"<p>A Delegacia da Mulher de Uni\u00e3o da Vit\u00f3ria realizou a pris\u00e3o de um homem de 44 anos, foragido da Justi\u00e7a a manh\u00e3 desta ter\u00e7a-feira (30). O indiv\u00edduo, condenado por homic\u00eddio culposo no tr\u00e2nsito, foi capturado enquanto prestava esclarecimentos sobre outro caso na sede policial. A pris\u00e3o foi efetuada ap\u00f3s a verifica\u00e7\u00e3o de um mandado de [&hellip;]<\/p>\n","protected":false},"author":2,"featured_media":25344,"comment_status":"open","ping_status":"open","sticky":false,"template":"","format":"standard","meta":{"footnotes":""},"categories":[2],"tags":[172],"class_list":["post-25343","post","type-post","status-publish","format-standard","has-post-thumbnail","hentry","category-policial","tag-featured"],"amp_enabled":true,"_links":{"self":[{"href":"https:\/\/radiostudiow.com.br\/site\/wp-json\/wp\/v2\/posts\/25343","targetHints":{"allow":["GET"]}}],"collection":[{"href":"https:\/\/radiostudiow.com.br\/site\/wp-json\/wp\/v2\/posts"}],"about":[{"href":"https:\/\/radiostudiow.com.br\/site\/wp-json\/wp\/v2\/types\/post"}],"author":[{"embeddable":true,"href":"https:\/\/radiostudiow.com.br\/site\/wp-json\/wp\/v2\/users\/2"}],"replies":[{"embeddable":true,"href":"https:\/\/radiostudiow.com.br\/site\/wp-json\/wp\/v2\/comments?post=25343"}],"version-history":[{"count":1,"href":"https:\/\/radiostudiow.com.br\/site\/wp-json\/wp\/v2\/posts\/25343\/revisions"}],"predecessor-version":[{"id":25345,"href":"https:\/\/radiostudiow.com.br\/site\/wp-json\/wp\/v2\/posts\/25343\/revisions\/25345"}],"wp:featuredmedia":[{"embeddable":true,"href":"https:\/\/radiostudiow.com.br\/site\/wp-json\/wp\/v2\/media\/25344"}],"wp:attachment":[{"href":"https:\/\/radiostudiow.com.br\/site\/wp-json\/wp\/v2\/media?parent=25343"}],"wp:term":[{"taxonomy":"category","embeddable":true,"href":"https:\/\/radiostudiow.com.br\/site\/wp-json\/wp\/v2\/categories?post=25343"},{"taxonomy":"post_tag","embeddable":true,"href":"https:\/\/radiostudiow.com.br\/site\/wp-json\/wp\/v2\/tags?post=25343"}],"curies":[{"name":"wp","href":"https:\/\/api.w.org\/{rel}","templated":true}]}}