{"id":25346,"date":"2024-07-31T18:29:46","date_gmt":"2024-07-31T21:29:46","guid":{"rendered":"https:\/\/radiostudiow.com.br\/site\/?p=25346"},"modified":"2025-01-31T14:59:04","modified_gmt":"2025-01-31T17:59:04","slug":"prazo-para-pagamento-do-licenciamento-de-veiculos-2024-inicia-em-agosto","status":"publish","type":"post","link":"https:\/\/radiostudiow.com.br\/site\/2024\/07\/31\/prazo-para-pagamento-do-licenciamento-de-veiculos-2024-inicia-em-agosto\/","title":{"rendered":"Prazo para pagamento do licenciamento de ve\u00edculos 2024 inicia em agosto"},"content":{"rendered":"\n<figure class=\"wp-block-image size-full\"><img loading=\"lazy\" decoding=\"async\" width=\"300\" height=\"180\" src=\"https:\/\/radiostudiow.com.br\/site\/wp-content\/uploads\/2024\/04\/image-26.png\" alt=\"\" class=\"wp-image-21279\"\/><\/figure>\n\n\n\n<p>O prazo para pagamento do Certificado de Licenciamento de Ve\u00edculo (CRLV-e) 2024 para carros com placas de final 1 e 2 come\u00e7a neste m\u00eas de agosto. A taxa no valor de R$ 90,94 \u00e9 \u00fanica para todos os ve\u00edculos do Paran\u00e1. O documento \u00e9 obrigat\u00f3rio para circula\u00e7\u00e3o e a quita\u00e7\u00e3o pode ser feita via pix nos caixas eletr\u00f4nicos ou pelo internet banking dos bancos arrecadadores credenciados.<\/p>\n\n\n\n<p>O calend\u00e1rio de licenciamento vence de acordo com os n\u00fameros finais das placas, iniciando em agosto e finalizando em novembro. Ve\u00edculos com placas de finais 1 e 2 devem ter o licenciamento quitado em agosto; placas que terminam com 3, 4 e 5, em setembro; com final 6, 7 e 8, em outubro; e com final 9 e zero, vence em novembro.<\/p>\n\n\n\n<figure class=\"wp-block-image size-full\"><img loading=\"lazy\" decoding=\"async\" width=\"897\" height=\"204\" src=\"https:\/\/radiostudiow.com.br\/site\/wp-content\/uploads\/2024\/04\/image-37.png\" alt=\"\" class=\"wp-image-21305\" srcset=\"https:\/\/radiostudiow.com.br\/site\/wp-content\/uploads\/2024\/04\/image-37.png 897w, https:\/\/radiostudiow.com.br\/site\/wp-content\/uploads\/2024\/04\/image-37-300x68.png 300w, https:\/\/radiostudiow.com.br\/site\/wp-content\/uploads\/2024\/04\/image-37-768x175.png 768w\" sizes=\"auto, (max-width: 897px) 100vw, 897px\" \/><\/figure>\n\n\n\n<p><strong>DIGITAL<\/strong>&nbsp;\u2013 O CRLV n\u00e3o \u00e9 mais emitido em papel-moeda desde 1\u00b0 de janeiro de 2021, seguindo a Delibera\u00e7\u00e3o 180\/2019 do Conselho Nacional de Tr\u00e2nsito (Contran), de 30 de dezembro de 2019. Ele est\u00e1 dispon\u00edvel apenas em vers\u00e3o digital (CRLV-e). \u00c9 poss\u00edvel emiti-lo pelo&nbsp;<a href=\"https:\/\/www.detran.pr.gov.br\/\" target=\"_blank\" rel=\"noreferrer noopener\">portal do Detran-PR<\/a>, em formato PDF e impresso, ou pelos aplicativos Carteira Digital de Tr\u00e2nsito e Detran Inteligente.<\/p>\n\n\n\n<p>O CRLV \u00e9 emitido at\u00e9 tr\u00eas dias ap\u00f3s a quita\u00e7\u00e3o dos d\u00e9bitos do ve\u00edculo, se houver. O Detran-PR n\u00e3o envia a carta de aviso aos propriet\u00e1rios.<\/p>\n\n\n\n<p><strong>LEGISLA\u00c7\u00c3O<\/strong>&nbsp;\u2013 Caso seja flagrado circulando com um ve\u00edculo que n\u00e3o esteja devidamente licenciado, o motorista comete uma infra\u00e7\u00e3o de tr\u00e2nsito grav\u00edssima. O Artigo 230 do C\u00f3digo de Tr\u00e2nsito Brasileiro (CTB) prev\u00ea aplica\u00e7\u00e3o de multa de R$ 293,47, ac\u00famulo de 7 pontos na CNH e apreens\u00e3o do ve\u00edculo.<\/p>\n","protected":false},"excerpt":{"rendered":"<p>O prazo para pagamento do Certificado de Licenciamento de Ve\u00edculo (CRLV-e) 2024 para carros com placas de final 1 e 2 come\u00e7a neste m\u00eas de agosto. A taxa no valor de R$ 90,94 \u00e9 \u00fanica para todos os ve\u00edculos do Paran\u00e1. O documento \u00e9 obrigat\u00f3rio para circula\u00e7\u00e3o e a quita\u00e7\u00e3o pode ser feita via pix [&hellip;]<\/p>\n","protected":false},"author":2,"featured_media":25375,"comment_status":"open","ping_status":"open","sticky":false,"template":"","format":"standard","meta":{"footnotes":""},"categories":[7],"tags":[172],"class_list":["post-25346","post","type-post","status-publish","format-standard","has-post-thumbnail","hentry","category-geral","tag-featured"],"amp_enabled":true,"_links":{"self":[{"href":"https:\/\/radiostudiow.com.br\/site\/wp-json\/wp\/v2\/posts\/25346","targetHints":{"allow":["GET"]}}],"collection":[{"href":"https:\/\/radiostudiow.com.br\/site\/wp-json\/wp\/v2\/posts"}],"about":[{"href":"https:\/\/radiostudiow.com.br\/site\/wp-json\/wp\/v2\/types\/post"}],"author":[{"embeddable":true,"href":"https:\/\/radiostudiow.com.br\/site\/wp-json\/wp\/v2\/users\/2"}],"replies":[{"embeddable":true,"href":"https:\/\/radiostudiow.com.br\/site\/wp-json\/wp\/v2\/comments?post=25346"}],"version-history":[{"count":2,"href":"https:\/\/radiostudiow.com.br\/site\/wp-json\/wp\/v2\/posts\/25346\/revisions"}],"predecessor-version":[{"id":25376,"href":"https:\/\/radiostudiow.com.br\/site\/wp-json\/wp\/v2\/posts\/25346\/revisions\/25376"}],"wp:featuredmedia":[{"embeddable":true,"href":"https:\/\/radiostudiow.com.br\/site\/wp-json\/wp\/v2\/media\/25375"}],"wp:attachment":[{"href":"https:\/\/radiostudiow.com.br\/site\/wp-json\/wp\/v2\/media?parent=25346"}],"wp:term":[{"taxonomy":"category","embeddable":true,"href":"https:\/\/radiostudiow.com.br\/site\/wp-json\/wp\/v2\/categories?post=25346"},{"taxonomy":"post_tag","embeddable":true,"href":"https:\/\/radiostudiow.com.br\/site\/wp-json\/wp\/v2\/tags?post=25346"}],"curies":[{"name":"wp","href":"https:\/\/api.w.org\/{rel}","templated":true}]}}