{"id":25350,"date":"2024-07-31T18:27:06","date_gmt":"2024-07-31T21:27:06","guid":{"rendered":"https:\/\/radiostudiow.com.br\/site\/?p=25350"},"modified":"2025-01-31T14:59:04","modified_gmt":"2025-01-31T17:59:04","slug":"acidente-envolve-carro-e-moto-em-porto-uniao","status":"publish","type":"post","link":"https:\/\/radiostudiow.com.br\/site\/2024\/07\/31\/acidente-envolve-carro-e-moto-em-porto-uniao\/","title":{"rendered":"Acidente envolve carro e moto em Porto Uni\u00e3o"},"content":{"rendered":"\n<p>Por volta das 11h10 o Corpo de Bombeiros de Porto Uni\u00e3o atendeu uma colis\u00e3o envolvendo carro e moto na Rua Francisco Fernandes Luis no bairro S\u00e3o Francisco.<\/p>\n\n\n\n<p>Segundo informa\u00e7\u00f5es, o condutor da moto foi encaminhado com ferimentos. O condutor do carro n\u00e3o se feriu, e n\u00e3o tinha CNH.<\/p>\n\n\n\n<figure class=\"wp-block-image size-full\"><img loading=\"lazy\" decoding=\"async\" width=\"598\" height=\"204\" src=\"https:\/\/radiostudiow.com.br\/site\/wp-content\/uploads\/2024\/04\/image-39.png\" alt=\"\" class=\"wp-image-21311\" srcset=\"https:\/\/radiostudiow.com.br\/site\/wp-content\/uploads\/2024\/04\/image-39.png 598w, https:\/\/radiostudiow.com.br\/site\/wp-content\/uploads\/2024\/04\/image-39-300x102.png 300w\" sizes=\"auto, (max-width: 598px) 100vw, 598px\" \/><\/figure>\n\n\n\n<figure class=\"wp-block-image size-full\"><img loading=\"lazy\" decoding=\"async\" width=\"684\" height=\"912\" src=\"https:\/\/radiostudiow.com.br\/site\/wp-content\/uploads\/2024\/07\/image-36.png\" alt=\"\" class=\"wp-image-25351\" srcset=\"https:\/\/radiostudiow.com.br\/site\/wp-content\/uploads\/2024\/07\/image-36.png 684w, https:\/\/radiostudiow.com.br\/site\/wp-content\/uploads\/2024\/07\/image-36-225x300.png 225w\" sizes=\"auto, (max-width: 684px) 100vw, 684px\" \/><\/figure>\n","protected":false},"excerpt":{"rendered":"<p>Por volta das 11h10 o Corpo de Bombeiros de Porto Uni\u00e3o atendeu uma colis\u00e3o envolvendo carro e moto na Rua Francisco Fernandes Luis no bairro S\u00e3o Francisco. Segundo informa\u00e7\u00f5es, o condutor da moto foi encaminhado com ferimentos. O condutor do carro n\u00e3o se feriu, e n\u00e3o tinha CNH.<\/p>\n","protected":false},"author":2,"featured_media":25352,"comment_status":"open","ping_status":"open","sticky":false,"template":"","format":"standard","meta":{"footnotes":""},"categories":[185],"tags":[172],"class_list":["post-25350","post","type-post","status-publish","format-standard","has-post-thumbnail","hentry","category-regional","tag-featured"],"amp_enabled":true,"_links":{"self":[{"href":"https:\/\/radiostudiow.com.br\/site\/wp-json\/wp\/v2\/posts\/25350","targetHints":{"allow":["GET"]}}],"collection":[{"href":"https:\/\/radiostudiow.com.br\/site\/wp-json\/wp\/v2\/posts"}],"about":[{"href":"https:\/\/radiostudiow.com.br\/site\/wp-json\/wp\/v2\/types\/post"}],"author":[{"embeddable":true,"href":"https:\/\/radiostudiow.com.br\/site\/wp-json\/wp\/v2\/users\/2"}],"replies":[{"embeddable":true,"href":"https:\/\/radiostudiow.com.br\/site\/wp-json\/wp\/v2\/comments?post=25350"}],"version-history":[{"count":2,"href":"https:\/\/radiostudiow.com.br\/site\/wp-json\/wp\/v2\/posts\/25350\/revisions"}],"predecessor-version":[{"id":25373,"href":"https:\/\/radiostudiow.com.br\/site\/wp-json\/wp\/v2\/posts\/25350\/revisions\/25373"}],"wp:featuredmedia":[{"embeddable":true,"href":"https:\/\/radiostudiow.com.br\/site\/wp-json\/wp\/v2\/media\/25352"}],"wp:attachment":[{"href":"https:\/\/radiostudiow.com.br\/site\/wp-json\/wp\/v2\/media?parent=25350"}],"wp:term":[{"taxonomy":"category","embeddable":true,"href":"https:\/\/radiostudiow.com.br\/site\/wp-json\/wp\/v2\/categories?post=25350"},{"taxonomy":"post_tag","embeddable":true,"href":"https:\/\/radiostudiow.com.br\/site\/wp-json\/wp\/v2\/tags?post=25350"}],"curies":[{"name":"wp","href":"https:\/\/api.w.org\/{rel}","templated":true}]}}