{"id":25354,"date":"2024-07-31T17:04:10","date_gmt":"2024-07-31T20:04:10","guid":{"rendered":"https:\/\/radiostudiow.com.br\/site\/?p=25354"},"modified":"2025-01-31T14:59:04","modified_gmt":"2025-01-31T17:59:04","slug":"pm-de-paulo-frontin-realiza-cumprimento-de-mandado-judicial","status":"publish","type":"post","link":"https:\/\/radiostudiow.com.br\/site\/2024\/07\/31\/pm-de-paulo-frontin-realiza-cumprimento-de-mandado-judicial\/","title":{"rendered":"PM de Paulo Frontin realiza cumprimento de mandado Judicial"},"content":{"rendered":"\n<p>Por volta das 18:48 horas dessa ter\u00e7a-feira, 30 de julho, a equipe da Pol\u00edcia Militar de Paulo Frontin deu cumprimento de mandado Judicial.<\/p>\n\n\n\n<p>Os policiais receberam uma informa\u00e7\u00e3o que estava um homem que possu\u00eda mandado de pris\u00e3o com validade at\u00e9 30 de julho de 2025, em seu desfavor.<\/p>\n\n\n\n<figure class=\"wp-block-image size-full\"><img decoding=\"async\" src=\"https:\/\/radiostudiow.com.br\/site\/wp-content\/uploads\/2024\/04\/image-47.png\" alt=\"\" class=\"wp-image-21404\"\/><\/figure>\n\n\n\n<p>Diante da informa\u00e7\u00e3o e patrulhamento pela via p\u00fablica, foi poss\u00edvel visualizar o mesmo transitando pela referida pela rua Ana Basniak.<\/p>\n\n\n\n<p>A equipe policial abordou o autor e o cientificou do mandado de pris\u00e3o em seu desfavor e o conduziu at\u00e9 o Depen de Uni\u00e3o da Vit\u00f3ria.<\/p>\n","protected":false},"excerpt":{"rendered":"<p>Por volta das 18:48 horas dessa ter\u00e7a-feira, 30 de julho, a equipe da Pol\u00edcia Militar de Paulo Frontin deu cumprimento de mandado Judicial. Os policiais receberam uma informa\u00e7\u00e3o que estava um homem que possu\u00eda mandado de pris\u00e3o com validade at\u00e9 30 de julho de 2025, em seu desfavor. Diante da informa\u00e7\u00e3o e patrulhamento pela via [&hellip;]<\/p>\n","protected":false},"author":2,"featured_media":25355,"comment_status":"open","ping_status":"open","sticky":false,"template":"","format":"standard","meta":{"footnotes":""},"categories":[2],"tags":[172],"class_list":["post-25354","post","type-post","status-publish","format-standard","has-post-thumbnail","hentry","category-policial","tag-featured"],"amp_enabled":true,"_links":{"self":[{"href":"https:\/\/radiostudiow.com.br\/site\/wp-json\/wp\/v2\/posts\/25354","targetHints":{"allow":["GET"]}}],"collection":[{"href":"https:\/\/radiostudiow.com.br\/site\/wp-json\/wp\/v2\/posts"}],"about":[{"href":"https:\/\/radiostudiow.com.br\/site\/wp-json\/wp\/v2\/types\/post"}],"author":[{"embeddable":true,"href":"https:\/\/radiostudiow.com.br\/site\/wp-json\/wp\/v2\/users\/2"}],"replies":[{"embeddable":true,"href":"https:\/\/radiostudiow.com.br\/site\/wp-json\/wp\/v2\/comments?post=25354"}],"version-history":[{"count":1,"href":"https:\/\/radiostudiow.com.br\/site\/wp-json\/wp\/v2\/posts\/25354\/revisions"}],"predecessor-version":[{"id":25356,"href":"https:\/\/radiostudiow.com.br\/site\/wp-json\/wp\/v2\/posts\/25354\/revisions\/25356"}],"wp:featuredmedia":[{"embeddable":true,"href":"https:\/\/radiostudiow.com.br\/site\/wp-json\/wp\/v2\/media\/25355"}],"wp:attachment":[{"href":"https:\/\/radiostudiow.com.br\/site\/wp-json\/wp\/v2\/media?parent=25354"}],"wp:term":[{"taxonomy":"category","embeddable":true,"href":"https:\/\/radiostudiow.com.br\/site\/wp-json\/wp\/v2\/categories?post=25354"},{"taxonomy":"post_tag","embeddable":true,"href":"https:\/\/radiostudiow.com.br\/site\/wp-json\/wp\/v2\/tags?post=25354"}],"curies":[{"name":"wp","href":"https:\/\/api.w.org\/{rel}","templated":true}]}}