{"id":25388,"date":"2024-08-02T10:04:22","date_gmt":"2024-08-02T13:04:22","guid":{"rendered":"https:\/\/radiostudiow.com.br\/site\/?p=25388"},"modified":"2025-01-31T14:59:04","modified_gmt":"2025-01-31T17:59:04","slug":"rotam-de-uniao-da-vitoria-com-policia-civil-de-porto-uniao-sao-desacatados-em-cumprimento-de-mandado","status":"publish","type":"post","link":"https:\/\/radiostudiow.com.br\/site\/2024\/08\/02\/rotam-de-uniao-da-vitoria-com-policia-civil-de-porto-uniao-sao-desacatados-em-cumprimento-de-mandado\/","title":{"rendered":"Rotam de Uni\u00e3o da Vit\u00f3ria com Pol\u00edcia Civil de Porto Uni\u00e3o s\u00e3o desacatados em cumprimento de mandado"},"content":{"rendered":"\n<p>As equipes da Rotam e Canil de Uni\u00e3o da Vit\u00f3ria prestaram apoio \u00e0 Pol\u00edcia Civil de Porto Uni\u00e3o &#8211; SC em cumprimento de mandado de busca e apreens\u00e3o em um local no bairro Rio da Areia por volta das 07:23 horas desta quarta-feira (31).<\/p>\n\n\n\n<figure class=\"wp-block-image size-full\"><img decoding=\"async\" src=\"https:\/\/radiostudiow.com.br\/site\/wp-content\/uploads\/2024\/04\/image-42.png\" alt=\"\" class=\"wp-image-21334\"\/><\/figure>\n\n\n\n<p>Foi realizado buscas no im\u00f3vel, inclusive com apoio do c\u00e3o de Faro Jessy, onde nada de il\u00edcito foi localizado, apenas aparelhos eletr\u00f4nicos, os quais foram apreendidos conforme previsto no mandado.<\/p>\n\n\n\n<p>A propriet\u00e1ria do im\u00f3vel e outro familiar contestou a a\u00e7\u00e3o policial e apreens\u00e3o dos objetos, e passou a desacatar as equipes, tentando inclusive agredir fisicamente os policiais.<\/p>\n\n\n\n<p>Dada voz de pris\u00e3o as mulheres e encaminhadas a delegacia de Pol\u00edcia Civil de Porto Uni\u00e3o, para providencias.<\/p>\n","protected":false},"excerpt":{"rendered":"<p>As equipes da Rotam e Canil de Uni\u00e3o da Vit\u00f3ria prestaram apoio \u00e0 Pol\u00edcia Civil de Porto Uni\u00e3o &#8211; SC em cumprimento de mandado de busca e apreens\u00e3o em um local no bairro Rio da Areia por volta das 07:23 horas desta quarta-feira (31). Foi realizado buscas no im\u00f3vel, inclusive com apoio do c\u00e3o de [&hellip;]<\/p>\n","protected":false},"author":2,"featured_media":25406,"comment_status":"open","ping_status":"open","sticky":false,"template":"","format":"standard","meta":{"footnotes":""},"categories":[2],"tags":[172],"class_list":["post-25388","post","type-post","status-publish","format-standard","has-post-thumbnail","hentry","category-policial","tag-featured"],"amp_enabled":true,"_links":{"self":[{"href":"https:\/\/radiostudiow.com.br\/site\/wp-json\/wp\/v2\/posts\/25388","targetHints":{"allow":["GET"]}}],"collection":[{"href":"https:\/\/radiostudiow.com.br\/site\/wp-json\/wp\/v2\/posts"}],"about":[{"href":"https:\/\/radiostudiow.com.br\/site\/wp-json\/wp\/v2\/types\/post"}],"author":[{"embeddable":true,"href":"https:\/\/radiostudiow.com.br\/site\/wp-json\/wp\/v2\/users\/2"}],"replies":[{"embeddable":true,"href":"https:\/\/radiostudiow.com.br\/site\/wp-json\/wp\/v2\/comments?post=25388"}],"version-history":[{"count":2,"href":"https:\/\/radiostudiow.com.br\/site\/wp-json\/wp\/v2\/posts\/25388\/revisions"}],"predecessor-version":[{"id":25407,"href":"https:\/\/radiostudiow.com.br\/site\/wp-json\/wp\/v2\/posts\/25388\/revisions\/25407"}],"wp:featuredmedia":[{"embeddable":true,"href":"https:\/\/radiostudiow.com.br\/site\/wp-json\/wp\/v2\/media\/25406"}],"wp:attachment":[{"href":"https:\/\/radiostudiow.com.br\/site\/wp-json\/wp\/v2\/media?parent=25388"}],"wp:term":[{"taxonomy":"category","embeddable":true,"href":"https:\/\/radiostudiow.com.br\/site\/wp-json\/wp\/v2\/categories?post=25388"},{"taxonomy":"post_tag","embeddable":true,"href":"https:\/\/radiostudiow.com.br\/site\/wp-json\/wp\/v2\/tags?post=25388"}],"curies":[{"name":"wp","href":"https:\/\/api.w.org\/{rel}","templated":true}]}}