{"id":25390,"date":"2024-08-02T10:10:30","date_gmt":"2024-08-02T13:10:30","guid":{"rendered":"https:\/\/radiostudiow.com.br\/site\/?p=25390"},"modified":"2025-01-31T14:59:04","modified_gmt":"2025-01-31T17:59:04","slug":"pm-de-bituruna-registra-furto-em-propriedade-rural","status":"publish","type":"post","link":"https:\/\/radiostudiow.com.br\/site\/2024\/08\/02\/pm-de-bituruna-registra-furto-em-propriedade-rural\/","title":{"rendered":"PM de Bituruna registra furto em propriedade rural"},"content":{"rendered":"\n<p>Um senhor compareceu ao Pelot\u00e3o da Pol\u00edcia Militar de Bituruna para relatar uma situa\u00e7\u00e3o de furto qualificado. O caso ocorreu na segunda-feira (29) e foi registrado por volta das 12 horas dessa quarta-feira (31).<\/p>\n\n\n\n<figure class=\"wp-block-image size-large\"><img decoding=\"async\" src=\"https:\/\/radiostudiow.com.br\/site\/wp-content\/uploads\/2024\/04\/PP-thumb-banner-miniatura1920x1080-1024x576.jpg\" alt=\"\" class=\"wp-image-22019\"\/><\/figure>\n\n\n\n<p>De acordo com o solicitante, ele possui uma propriedade rural e se deslocou at\u00e9 o local na segunda-feira (29), quando se deparou com a porta dos fundos de seu im\u00f3vel arrombada.<\/p>\n\n\n\n<p>Constatou que do interior da resid\u00eancia percebeu que haviam sido furtados 2 cobertores, 1 manta e 1 colcha.<\/p>\n\n\n\n<p>Diante da situa\u00e7\u00e3o a v\u00edtima foi orientado quanto aos procedimentos cab\u00edveis.<\/p>\n","protected":false},"excerpt":{"rendered":"<p>Um senhor compareceu ao Pelot\u00e3o da Pol\u00edcia Militar de Bituruna para relatar uma situa\u00e7\u00e3o de furto qualificado. O caso ocorreu na segunda-feira (29) e foi registrado por volta das 12 horas dessa quarta-feira (31). De acordo com o solicitante, ele possui uma propriedade rural e se deslocou at\u00e9 o local na segunda-feira (29), quando se [&hellip;]<\/p>\n","protected":false},"author":2,"featured_media":15416,"comment_status":"open","ping_status":"open","sticky":false,"template":"","format":"standard","meta":{"footnotes":""},"categories":[2],"tags":[172],"class_list":["post-25390","post","type-post","status-publish","format-standard","has-post-thumbnail","hentry","category-policial","tag-featured"],"amp_enabled":true,"_links":{"self":[{"href":"https:\/\/radiostudiow.com.br\/site\/wp-json\/wp\/v2\/posts\/25390","targetHints":{"allow":["GET"]}}],"collection":[{"href":"https:\/\/radiostudiow.com.br\/site\/wp-json\/wp\/v2\/posts"}],"about":[{"href":"https:\/\/radiostudiow.com.br\/site\/wp-json\/wp\/v2\/types\/post"}],"author":[{"embeddable":true,"href":"https:\/\/radiostudiow.com.br\/site\/wp-json\/wp\/v2\/users\/2"}],"replies":[{"embeddable":true,"href":"https:\/\/radiostudiow.com.br\/site\/wp-json\/wp\/v2\/comments?post=25390"}],"version-history":[{"count":2,"href":"https:\/\/radiostudiow.com.br\/site\/wp-json\/wp\/v2\/posts\/25390\/revisions"}],"predecessor-version":[{"id":25409,"href":"https:\/\/radiostudiow.com.br\/site\/wp-json\/wp\/v2\/posts\/25390\/revisions\/25409"}],"wp:featuredmedia":[{"embeddable":true,"href":"https:\/\/radiostudiow.com.br\/site\/wp-json\/wp\/v2\/media\/15416"}],"wp:attachment":[{"href":"https:\/\/radiostudiow.com.br\/site\/wp-json\/wp\/v2\/media?parent=25390"}],"wp:term":[{"taxonomy":"category","embeddable":true,"href":"https:\/\/radiostudiow.com.br\/site\/wp-json\/wp\/v2\/categories?post=25390"},{"taxonomy":"post_tag","embeddable":true,"href":"https:\/\/radiostudiow.com.br\/site\/wp-json\/wp\/v2\/tags?post=25390"}],"curies":[{"name":"wp","href":"https:\/\/api.w.org\/{rel}","templated":true}]}}