{"id":25393,"date":"2024-08-02T10:14:12","date_gmt":"2024-08-02T13:14:12","guid":{"rendered":"https:\/\/radiostudiow.com.br\/site\/?p=25393"},"modified":"2025-01-31T14:59:04","modified_gmt":"2025-01-31T17:59:04","slug":"individuo-quebra-vitrine-de-loja-com-pedra-e-furta-bicicleta-em-reboucas","status":"publish","type":"post","link":"https:\/\/radiostudiow.com.br\/site\/2024\/08\/02\/individuo-quebra-vitrine-de-loja-com-pedra-e-furta-bicicleta-em-reboucas\/","title":{"rendered":"Indiv\u00edduo quebra vitrine de loja com pedra e furta bicicleta em Rebou\u00e7as"},"content":{"rendered":"\n<p>Por volta das 5 horas da madrugada desta quinta-feira, 01\u00aa de agosto, uma loja da \u00e1rea central de Rebou\u00e7as foi alvo de furto.<\/p>\n\n\n\n<figure class=\"wp-block-image size-full\"><img decoding=\"async\" src=\"https:\/\/radiostudiow.com.br\/site\/wp-content\/uploads\/2024\/04\/SITE-MEDIO.png\" alt=\"\" class=\"wp-image-21854\"\/><\/figure>\n\n\n\n<p>A equipe da Pol\u00edcia Militar se deslocou at\u00e9 a local, onde vigilantes patrimoniais informaram que um homem havia quebrado a vidra\u00e7a de uma loja de bicicletas. O propriet\u00e1rio relatou a falta de uma bicicleta da marca Gios BR, cor rosa.<\/p>\n\n\n\n<p>O suspeito do furto utilizou uma pedra para quebrar o vidro da loja. Os policiais realizaram buscas pelo autor, mas n\u00e3o se obteve \u00eaxito em sua localiza\u00e7\u00e3o.<\/p>\n","protected":false},"excerpt":{"rendered":"<p>Por volta das 5 horas da madrugada desta quinta-feira, 01\u00aa de agosto, uma loja da \u00e1rea central de Rebou\u00e7as foi alvo de furto. A equipe da Pol\u00edcia Militar se deslocou at\u00e9 a local, onde vigilantes patrimoniais informaram que um homem havia quebrado a vidra\u00e7a de uma loja de bicicletas. O propriet\u00e1rio relatou a falta de [&hellip;]<\/p>\n","protected":false},"author":2,"featured_media":25412,"comment_status":"open","ping_status":"open","sticky":false,"template":"","format":"standard","meta":{"footnotes":""},"categories":[2],"tags":[172],"class_list":["post-25393","post","type-post","status-publish","format-standard","has-post-thumbnail","hentry","category-policial","tag-featured"],"amp_enabled":true,"_links":{"self":[{"href":"https:\/\/radiostudiow.com.br\/site\/wp-json\/wp\/v2\/posts\/25393","targetHints":{"allow":["GET"]}}],"collection":[{"href":"https:\/\/radiostudiow.com.br\/site\/wp-json\/wp\/v2\/posts"}],"about":[{"href":"https:\/\/radiostudiow.com.br\/site\/wp-json\/wp\/v2\/types\/post"}],"author":[{"embeddable":true,"href":"https:\/\/radiostudiow.com.br\/site\/wp-json\/wp\/v2\/users\/2"}],"replies":[{"embeddable":true,"href":"https:\/\/radiostudiow.com.br\/site\/wp-json\/wp\/v2\/comments?post=25393"}],"version-history":[{"count":2,"href":"https:\/\/radiostudiow.com.br\/site\/wp-json\/wp\/v2\/posts\/25393\/revisions"}],"predecessor-version":[{"id":25413,"href":"https:\/\/radiostudiow.com.br\/site\/wp-json\/wp\/v2\/posts\/25393\/revisions\/25413"}],"wp:featuredmedia":[{"embeddable":true,"href":"https:\/\/radiostudiow.com.br\/site\/wp-json\/wp\/v2\/media\/25412"}],"wp:attachment":[{"href":"https:\/\/radiostudiow.com.br\/site\/wp-json\/wp\/v2\/media?parent=25393"}],"wp:term":[{"taxonomy":"category","embeddable":true,"href":"https:\/\/radiostudiow.com.br\/site\/wp-json\/wp\/v2\/categories?post=25393"},{"taxonomy":"post_tag","embeddable":true,"href":"https:\/\/radiostudiow.com.br\/site\/wp-json\/wp\/v2\/tags?post=25393"}],"curies":[{"name":"wp","href":"https:\/\/api.w.org\/{rel}","templated":true}]}}