{"id":25414,"date":"2024-08-02T10:26:58","date_gmt":"2024-08-02T13:26:58","guid":{"rendered":"https:\/\/radiostudiow.com.br\/site\/?p=25414"},"modified":"2025-01-31T14:59:04","modified_gmt":"2025-01-31T17:59:04","slug":"agosto-dourado-campanha-incentiva-o-aleitamento-materno","status":"publish","type":"post","link":"https:\/\/radiostudiow.com.br\/site\/2024\/08\/02\/agosto-dourado-campanha-incentiva-o-aleitamento-materno\/","title":{"rendered":"Agosto Dourado: campanha incentiva o aleitamento materno"},"content":{"rendered":"\n<p>1\u00ba de agosto se comemora o Dia Mundial da Amamenta\u00e7\u00e3o, em celebra\u00e7\u00e3o ao Agosto Dourado, campanha de conscientiza\u00e7\u00e3o sobre a import\u00e2ncia da amamenta\u00e7\u00e3o, a Ag\u00eancia Nacional de Sa\u00fade Suplementar (ANS) refor\u00e7a a iniciativa em prol do aumento das taxas de aleitamento materno, conforme indica\u00e7\u00e3o da Agenda 2030 da Organiza\u00e7\u00e3o das Na\u00e7\u00f5es Unidas (ONU).<\/p>\n\n\n\n<figure class=\"wp-block-image size-full\"><img decoding=\"async\" src=\"https:\/\/radiostudiow.com.br\/site\/wp-content\/uploads\/2024\/04\/image-42.png\" alt=\"\" class=\"wp-image-21334\"\/><\/figure>\n\n\n\n<p>A cor dourada foi estabelecida pela Organiza\u00e7\u00e3o Mundial da Sa\u00fade (OMS), que considera o leite materno um \u201calimento de ouro\u201d. No Brasil a campanha de Agosto Dourado \u00e9 institu\u00edda pela\u00a0<a href=\"https:\/\/nam10.safelinks.protection.outlook.com\/?url=https%3A%2F%2Fwww.planalto.gov.br%2Fccivil_03%2F_ato2015-2018%2F2017%2Flei%2Fl13435.htm%23%3A~%3Atext%3DLEI%2520N%25C2%25BA%252013.435%252C%2520DE%252012%2520DE%2520ABRIL%2520DE%25202017.%26text%3DInstitui%2520o%2520m%25C3%25AAs%2520de%2520agosto%2Co%2520M%25C3%25AAs%2520do%2520Aleitamento%2520Materno.&amp;data=05%7C01%7Cjose.gonzalez%40ans.gov.br%7Ce30341556cb5415f724808dba0394f3c%7C9dba480c4fa742f4bba30fb1375fbe5f%7C0%7C0%7C638279940227312918%7CUnknown%7CTWFpbGZsb3d8eyJWIjoiMC4wLjAwMDAiLCJQIjoiV2luMzIiLCJBTiI6Ik1haWwiLCJXVCI6Mn0%3D%7C3000%7C%7C%7C&amp;sdata=lNFqjIKN9Ej6b2KtDdNNoZOPcHH%2FXajUyd38xrVETTo%3D&amp;reserved=0\" target=\"_blank\" rel=\"noreferrer noopener\">Lei Federal n\u00b013.345 de 12 de abril de 2017<\/a>.\u00a0\u00a0<\/p>\n\n\n\n<p>De acordo com a OMS, a recomenda\u00e7\u00e3o \u00e9 que os beb\u00eas sejam alimentados exclusivamente com leite materno at\u00e9 os 6 meses de idade. E que, mesmo ap\u00f3s a introdu\u00e7\u00e3o dos primeiros alimentos s\u00f3lidos, sigam sendo amamentados at\u00e9, pelo menos, os 2 anos de idade. Al\u00e9m disso, a hora de ouro (\u201cgolden hour\u201d) \u00e9 a primeira hora da m\u00e3e com o rec\u00e9m-nascido. Com o intuito de possibilitar o contato da m\u00e3e com o beb\u00ea imediatamente ap\u00f3s o parto, este momento foi idealizado para promover a continua\u00e7\u00e3o do v\u00ednculo que come\u00e7ou durante a gesta\u00e7\u00e3o e ajudar o beb\u00ea na transi\u00e7\u00e3o do \u00fatero para o ambiente externo.&nbsp;<\/p>\n\n\n\n<p>\u00a0<strong><em>\u201cNa ANS, consideramos muito importante estimular a amamenta\u00e7\u00e3o por suas vantagens nutricionais e por possuir anticorpos,\u00a0 favorecendo a prote\u00e7\u00e3o contra infec\u00e7\u00f5es, alergias e diarreia. Para isso, temos algumas iniciativas na Ag\u00eancia como o Movimento Parto Adequado e a Certifica\u00e7\u00e3o em Parto Adequado, que envolvem as operadoras neste esfor\u00e7o de conscientiza\u00e7\u00e3o e de promo\u00e7\u00e3o de melhores pr\u00e1ticas\u201d, <\/em><\/strong>declarou Maur\u00edcio Nunes, diretor de Desenvolvimento Setorial da ANS.\u00a0<\/p>\n\n\n\n<figure class=\"wp-block-image size-full\"><img loading=\"lazy\" decoding=\"async\" width=\"897\" height=\"204\" src=\"https:\/\/radiostudiow.com.br\/site\/wp-content\/uploads\/2024\/04\/image-38.png\" alt=\"\" class=\"wp-image-21308\" srcset=\"https:\/\/radiostudiow.com.br\/site\/wp-content\/uploads\/2024\/04\/image-38.png 897w, https:\/\/radiostudiow.com.br\/site\/wp-content\/uploads\/2024\/04\/image-38-300x68.png 300w, https:\/\/radiostudiow.com.br\/site\/wp-content\/uploads\/2024\/04\/image-38-768x175.png 768w\" sizes=\"auto, (max-width: 897px) 100vw, 897px\" \/><\/figure>\n\n\n\n<p>Segundo o&nbsp;<a href=\"https:\/\/nam10.safelinks.protection.outlook.com\/?url=https%3A%2F%2Fbvsms.saude.gov.br%2Famamentacao%2F%23%3A~%3Atext%3DDicas%2520para%2520a%2520amamenta%25C3%25A7%25C3%25A3o%253A%26text%3D%25E2%2580%2593%2520d%25C3%25AA%2520somente%2520leite%2520materno%2520at%25C3%25A9%2Cadequado%2520ao%2520desenvolvimento%2520do%2520beb%25C3%25AA.&amp;data=05%7C01%7Cjose.gonzalez%40ans.gov.br%7Ce30341556cb5415f724808dba0394f3c%7C9dba480c4fa742f4bba30fb1375fbe5f%7C0%7C0%7C638279940227312918%7CUnknown%7CTWFpbGZsb3d8eyJWIjoiMC4wLjAwMDAiLCJQIjoiV2luMzIiLCJBTiI6Ik1haWwiLCJXVCI6Mn0%3D%7C3000%7C%7C%7C&amp;sdata=3P2lOVzRomhqGEbQMcCeYR5nm5fdjJanIblylASmlH8%3D&amp;reserved=0\" target=\"_blank\" rel=\"noreferrer noopener\">Minist\u00e9rio da Sa\u00fade<\/a>, o ato de amamentar \u00e9 bom n\u00e3o s\u00f3 para a sa\u00fade do beb\u00ea, como tamb\u00e9m para a sa\u00fade da mulher, pois reduz as chances de sangramento p\u00f3s-parto; ou de desenvolver anemia, c\u00e2ncer de mama e de ov\u00e1rio, diabetes e infarto do cora\u00e7\u00e3o. A amamenta\u00e7\u00e3o ainda colabora com a mulher a perder mais r\u00e1pido o peso que ganhou durante a gravidez.&nbsp;<\/p>\n\n\n\n<p><strong><em>\u00a0\u201cO leite materno humano \u00e9 muito mais do que um alimento perfeito, \u00e9, provavelmente, o rem\u00e9dio mais espec\u00edfico e personalizado que a crian\u00e7a receber\u00e1 em toda a vida\u201d, <\/em><\/strong>comenta Ana Paula Cavalcante, Gerente de Est\u00edmulo \u00e0 Inova\u00e7\u00e3o e Avalia\u00e7\u00e3o da Qualidade Setorial da Ag\u00eancia.\u00a0<\/p>\n\n\n\n<figure class=\"wp-block-image size-large\"><img loading=\"lazy\" decoding=\"async\" width=\"1024\" height=\"768\" src=\"https:\/\/radiostudiow.com.br\/site\/wp-content\/uploads\/2024\/08\/image-1024x768.png\" alt=\"\" class=\"wp-image-25416\" srcset=\"https:\/\/radiostudiow.com.br\/site\/wp-content\/uploads\/2024\/08\/image-1024x768.png 1024w, https:\/\/radiostudiow.com.br\/site\/wp-content\/uploads\/2024\/08\/image-300x225.png 300w, https:\/\/radiostudiow.com.br\/site\/wp-content\/uploads\/2024\/08\/image-768x576.png 768w, https:\/\/radiostudiow.com.br\/site\/wp-content\/uploads\/2024\/08\/image.png 1440w\" sizes=\"auto, (max-width: 1024px) 100vw, 1024px\" \/><\/figure>\n\n\n\n<p><em>Reportagem: Gov.br<\/em><\/p>\n","protected":false},"excerpt":{"rendered":"<p>1\u00ba de agosto se comemora o Dia Mundial da Amamenta\u00e7\u00e3o, em celebra\u00e7\u00e3o ao Agosto Dourado, campanha de conscientiza\u00e7\u00e3o sobre a import\u00e2ncia da amamenta\u00e7\u00e3o, a Ag\u00eancia Nacional de Sa\u00fade Suplementar (ANS) refor\u00e7a a iniciativa em prol do aumento das taxas de aleitamento materno, conforme indica\u00e7\u00e3o da Agenda 2030 da Organiza\u00e7\u00e3o das Na\u00e7\u00f5es Unidas (ONU). A cor [&hellip;]<\/p>\n","protected":false},"author":2,"featured_media":25417,"comment_status":"open","ping_status":"open","sticky":false,"template":"","format":"standard","meta":{"footnotes":""},"categories":[7],"tags":[172],"class_list":["post-25414","post","type-post","status-publish","format-standard","has-post-thumbnail","hentry","category-geral","tag-featured"],"amp_enabled":true,"_links":{"self":[{"href":"https:\/\/radiostudiow.com.br\/site\/wp-json\/wp\/v2\/posts\/25414","targetHints":{"allow":["GET"]}}],"collection":[{"href":"https:\/\/radiostudiow.com.br\/site\/wp-json\/wp\/v2\/posts"}],"about":[{"href":"https:\/\/radiostudiow.com.br\/site\/wp-json\/wp\/v2\/types\/post"}],"author":[{"embeddable":true,"href":"https:\/\/radiostudiow.com.br\/site\/wp-json\/wp\/v2\/users\/2"}],"replies":[{"embeddable":true,"href":"https:\/\/radiostudiow.com.br\/site\/wp-json\/wp\/v2\/comments?post=25414"}],"version-history":[{"count":1,"href":"https:\/\/radiostudiow.com.br\/site\/wp-json\/wp\/v2\/posts\/25414\/revisions"}],"predecessor-version":[{"id":25418,"href":"https:\/\/radiostudiow.com.br\/site\/wp-json\/wp\/v2\/posts\/25414\/revisions\/25418"}],"wp:featuredmedia":[{"embeddable":true,"href":"https:\/\/radiostudiow.com.br\/site\/wp-json\/wp\/v2\/media\/25417"}],"wp:attachment":[{"href":"https:\/\/radiostudiow.com.br\/site\/wp-json\/wp\/v2\/media?parent=25414"}],"wp:term":[{"taxonomy":"category","embeddable":true,"href":"https:\/\/radiostudiow.com.br\/site\/wp-json\/wp\/v2\/categories?post=25414"},{"taxonomy":"post_tag","embeddable":true,"href":"https:\/\/radiostudiow.com.br\/site\/wp-json\/wp\/v2\/tags?post=25414"}],"curies":[{"name":"wp","href":"https:\/\/api.w.org\/{rel}","templated":true}]}}