{"id":25423,"date":"2024-08-02T10:33:51","date_gmt":"2024-08-02T13:33:51","guid":{"rendered":"https:\/\/radiostudiow.com.br\/site\/?p=25423"},"modified":"2025-01-31T14:59:03","modified_gmt":"2025-01-31T17:59:03","slug":"carro-colide-com-trem-e-deixa-tres-feridos-em-teixeira-soares","status":"publish","type":"post","link":"https:\/\/radiostudiow.com.br\/site\/2024\/08\/02\/carro-colide-com-trem-e-deixa-tres-feridos-em-teixeira-soares\/","title":{"rendered":"Carro colide com trem e deixa tr\u00eas feridos em Teixeira Soares"},"content":{"rendered":"\n<p>Uma colis\u00e3o entre um autom\u00f3vel e um trem deixou tr\u00eas pessoas feridas na manh\u00e3 desta quinta-feira, 01\u00b0 de agosto, no quil\u00f4metro 14 da PR-438 em Teixeira Soares.<\/p>\n\n\n\n<figure class=\"wp-block-image size-large\"><img loading=\"lazy\" decoding=\"async\" width=\"1024\" height=\"390\" src=\"https:\/\/radiostudiow.com.br\/site\/wp-content\/uploads\/2024\/06\/449383450_900410565459867_7398886830294326458_n-1024x390.png\" alt=\"\" class=\"wp-image-24042\" srcset=\"https:\/\/radiostudiow.com.br\/site\/wp-content\/uploads\/2024\/06\/449383450_900410565459867_7398886830294326458_n-1024x390.png 1024w, https:\/\/radiostudiow.com.br\/site\/wp-content\/uploads\/2024\/06\/449383450_900410565459867_7398886830294326458_n-300x114.png 300w, https:\/\/radiostudiow.com.br\/site\/wp-content\/uploads\/2024\/06\/449383450_900410565459867_7398886830294326458_n-768x292.png 768w, https:\/\/radiostudiow.com.br\/site\/wp-content\/uploads\/2024\/06\/449383450_900410565459867_7398886830294326458_n-1536x584.png 1536w, https:\/\/radiostudiow.com.br\/site\/wp-content\/uploads\/2024\/06\/449383450_900410565459867_7398886830294326458_n-2048x779.png 2048w\" sizes=\"auto, (max-width: 1024px) 100vw, 1024px\" \/><\/figure>\n\n\n\n<p>A Pol\u00edcia Rodovi\u00e1ria Estadual (PRE) que os feridos eram todos ocupantes do carro, um Fiat P\u00e1lio, e tiveram ferimentos moderados, sendo encaminhados para a Santa Casa de Irati.<\/p>\n\n\n\n<p>O ve\u00edculo foi recolhido para o p\u00e1tio da PRE em Ponta Grossa.<\/p>\n","protected":false},"excerpt":{"rendered":"<p>Uma colis\u00e3o entre um autom\u00f3vel e um trem deixou tr\u00eas pessoas feridas na manh\u00e3 desta quinta-feira, 01\u00b0 de agosto, no quil\u00f4metro 14 da PR-438 em Teixeira Soares. A Pol\u00edcia Rodovi\u00e1ria Estadual (PRE) que os feridos eram todos ocupantes do carro, um Fiat P\u00e1lio, e tiveram ferimentos moderados, sendo encaminhados para a Santa Casa de Irati. [&hellip;]<\/p>\n","protected":false},"author":2,"featured_media":25425,"comment_status":"open","ping_status":"open","sticky":false,"template":"","format":"standard","meta":{"footnotes":""},"categories":[185],"tags":[172],"class_list":["post-25423","post","type-post","status-publish","format-standard","has-post-thumbnail","hentry","category-regional","tag-featured"],"amp_enabled":true,"_links":{"self":[{"href":"https:\/\/radiostudiow.com.br\/site\/wp-json\/wp\/v2\/posts\/25423","targetHints":{"allow":["GET"]}}],"collection":[{"href":"https:\/\/radiostudiow.com.br\/site\/wp-json\/wp\/v2\/posts"}],"about":[{"href":"https:\/\/radiostudiow.com.br\/site\/wp-json\/wp\/v2\/types\/post"}],"author":[{"embeddable":true,"href":"https:\/\/radiostudiow.com.br\/site\/wp-json\/wp\/v2\/users\/2"}],"replies":[{"embeddable":true,"href":"https:\/\/radiostudiow.com.br\/site\/wp-json\/wp\/v2\/comments?post=25423"}],"version-history":[{"count":1,"href":"https:\/\/radiostudiow.com.br\/site\/wp-json\/wp\/v2\/posts\/25423\/revisions"}],"predecessor-version":[{"id":25426,"href":"https:\/\/radiostudiow.com.br\/site\/wp-json\/wp\/v2\/posts\/25423\/revisions\/25426"}],"wp:featuredmedia":[{"embeddable":true,"href":"https:\/\/radiostudiow.com.br\/site\/wp-json\/wp\/v2\/media\/25425"}],"wp:attachment":[{"href":"https:\/\/radiostudiow.com.br\/site\/wp-json\/wp\/v2\/media?parent=25423"}],"wp:term":[{"taxonomy":"category","embeddable":true,"href":"https:\/\/radiostudiow.com.br\/site\/wp-json\/wp\/v2\/categories?post=25423"},{"taxonomy":"post_tag","embeddable":true,"href":"https:\/\/radiostudiow.com.br\/site\/wp-json\/wp\/v2\/tags?post=25423"}],"curies":[{"name":"wp","href":"https:\/\/api.w.org\/{rel}","templated":true}]}}