{"id":25433,"date":"2024-08-03T09:24:50","date_gmt":"2024-08-03T12:24:50","guid":{"rendered":"https:\/\/radiostudiow.com.br\/site\/?p=25433"},"modified":"2025-01-31T14:59:03","modified_gmt":"2025-01-31T17:59:03","slug":"acidente-com-maquina-agricola-deixa-jovem-de-24-anos-ferido-em-uniao-da-vitoria","status":"publish","type":"post","link":"https:\/\/radiostudiow.com.br\/site\/2024\/08\/03\/acidente-com-maquina-agricola-deixa-jovem-de-24-anos-ferido-em-uniao-da-vitoria\/","title":{"rendered":"Acidente com m\u00e1quina agr\u00edcola deixa jovem de 24 anos ferido em Uni\u00e3o da Vit\u00f3ria"},"content":{"rendered":"\n<p>O Corpo de Bombeiros de Uni\u00e3o da Vit\u00f3ria atendeu um acidente de trabalho envolvendo uma m\u00e1quina agr\u00edcola, no bairro Ouro Verde por voltas das 11 horas desta sexta-feira (02).<\/p>\n\n\n\n<figure class=\"wp-block-image size-full\"><img loading=\"lazy\" decoding=\"async\" width=\"897\" height=\"204\" src=\"https:\/\/radiostudiow.com.br\/site\/wp-content\/uploads\/2024\/04\/image-37.png\" alt=\"\" class=\"wp-image-21305\" srcset=\"https:\/\/radiostudiow.com.br\/site\/wp-content\/uploads\/2024\/04\/image-37.png 897w, https:\/\/radiostudiow.com.br\/site\/wp-content\/uploads\/2024\/04\/image-37-300x68.png 300w, https:\/\/radiostudiow.com.br\/site\/wp-content\/uploads\/2024\/04\/image-37-768x175.png 768w\" sizes=\"auto, (max-width: 897px) 100vw, 897px\" \/><\/figure>\n\n\n\n<p>A v\u00edtima, um homem de 24 anos, sofreu ferimentos graves ap\u00f3s ficar prensado em uma esteira, resultando em lacera\u00e7\u00e3o parcial na regi\u00e3o genital. Apesar da gravidade dos ferimentos, o jovem estava consciente no momento do atendimento.<\/p>\n\n\n\n<p>A equipe da brigada da empresa prestou o primeiro atendimento ap\u00f3s o acidente. Posteriormente, a v\u00edtima foi encaminhada ao Hospital Regional pelo Corpo de Bombeiros, onde recebeu cuidados m\u00e9dicos.<\/p>\n","protected":false},"excerpt":{"rendered":"<p>O Corpo de Bombeiros de Uni\u00e3o da Vit\u00f3ria atendeu um acidente de trabalho envolvendo uma m\u00e1quina agr\u00edcola, no bairro Ouro Verde por voltas das 11 horas desta sexta-feira (02). A v\u00edtima, um homem de 24 anos, sofreu ferimentos graves ap\u00f3s ficar prensado em uma esteira, resultando em lacera\u00e7\u00e3o parcial na regi\u00e3o genital. Apesar da gravidade [&hellip;]<\/p>\n","protected":false},"author":2,"featured_media":22624,"comment_status":"open","ping_status":"open","sticky":false,"template":"","format":"standard","meta":{"footnotes":""},"categories":[185],"tags":[172],"class_list":["post-25433","post","type-post","status-publish","format-standard","has-post-thumbnail","hentry","category-regional","tag-featured"],"amp_enabled":true,"_links":{"self":[{"href":"https:\/\/radiostudiow.com.br\/site\/wp-json\/wp\/v2\/posts\/25433","targetHints":{"allow":["GET"]}}],"collection":[{"href":"https:\/\/radiostudiow.com.br\/site\/wp-json\/wp\/v2\/posts"}],"about":[{"href":"https:\/\/radiostudiow.com.br\/site\/wp-json\/wp\/v2\/types\/post"}],"author":[{"embeddable":true,"href":"https:\/\/radiostudiow.com.br\/site\/wp-json\/wp\/v2\/users\/2"}],"replies":[{"embeddable":true,"href":"https:\/\/radiostudiow.com.br\/site\/wp-json\/wp\/v2\/comments?post=25433"}],"version-history":[{"count":2,"href":"https:\/\/radiostudiow.com.br\/site\/wp-json\/wp\/v2\/posts\/25433\/revisions"}],"predecessor-version":[{"id":25443,"href":"https:\/\/radiostudiow.com.br\/site\/wp-json\/wp\/v2\/posts\/25433\/revisions\/25443"}],"wp:featuredmedia":[{"embeddable":true,"href":"https:\/\/radiostudiow.com.br\/site\/wp-json\/wp\/v2\/media\/22624"}],"wp:attachment":[{"href":"https:\/\/radiostudiow.com.br\/site\/wp-json\/wp\/v2\/media?parent=25433"}],"wp:term":[{"taxonomy":"category","embeddable":true,"href":"https:\/\/radiostudiow.com.br\/site\/wp-json\/wp\/v2\/categories?post=25433"},{"taxonomy":"post_tag","embeddable":true,"href":"https:\/\/radiostudiow.com.br\/site\/wp-json\/wp\/v2\/tags?post=25433"}],"curies":[{"name":"wp","href":"https:\/\/api.w.org\/{rel}","templated":true}]}}