{"id":25438,"date":"2024-08-03T09:31:36","date_gmt":"2024-08-03T12:31:36","guid":{"rendered":"https:\/\/radiostudiow.com.br\/site\/?p=25438"},"modified":"2025-01-31T14:59:03","modified_gmt":"2025-01-31T17:59:03","slug":"homem-sofreu-ferimentos-graves-apos-queda-de-7-metros-em-porto-uniao","status":"publish","type":"post","link":"https:\/\/radiostudiow.com.br\/site\/2024\/08\/03\/homem-sofreu-ferimentos-graves-apos-queda-de-7-metros-em-porto-uniao\/","title":{"rendered":"Homem sofreu ferimentos graves ap\u00f3s queda de 7 metros em Porto Uni\u00e3o"},"content":{"rendered":"\n<p>Uma grave ocorr\u00eancia foi registrada na tarde desta quinta-feira, 01 de agosto, em Porto Uni\u00e3o, onde um homem de 37 anos sofreu uma queda de aproximadamente 7 metros enquanto trabalhava em uma constru\u00e7\u00e3o civil. A equipe do Corpo de Bombeiros de Porto Uni\u00e3o foi acionada para o atendimento de emerg\u00eancia.<\/p>\n\n\n\n<figure class=\"wp-block-image size-full\"><img decoding=\"async\" src=\"https:\/\/radiostudiow.com.br\/site\/wp-content\/uploads\/2024\/04\/SITE-MEDIO.png\" alt=\"\" class=\"wp-image-21854\"\/><\/figure>\n\n\n\n<p>Ao chegar no local, os socorristas encontraram a v\u00edtima deitada, aparentemente inconsciente e sem resposta verbal. A v\u00edtima apresentava cortes na regi\u00e3o occipital e na face da cabe\u00e7a.\u00a0Apesar de estar utilizando cinto de seguran\u00e7a, n\u00e3o foi poss\u00edvel confirmar se o dispositivo estava devidamente preso a um ponto de seguran\u00e7a no momento do acidente.<\/p>\n\n\n\n<p>Os primeiros cuidados inclu\u00edram a realiza\u00e7\u00e3o de curativo compressivo e limpeza das vias a\u00e9reas, com suspeita de aspira\u00e7\u00e3o de secre\u00e7\u00f5es e sangue.\u00a0A v\u00edtima tamb\u00e9m apresentava sinais de fratura cervical, mand\u00edbula e traumatismo cranioencef\u00e1lico (TCE). Outros sintomas inclu\u00edam sudorese intensa, caracterizando um poss\u00edvel estado de choque hemorr\u00e1gico, e pupilas dilatadas sem rea\u00e7\u00e3o \u00e0 luz.<\/p>\n\n\n\n<figure class=\"wp-block-image size-full\"><img loading=\"lazy\" decoding=\"async\" width=\"300\" height=\"180\" src=\"https:\/\/radiostudiow.com.br\/site\/wp-content\/uploads\/2024\/04\/image-26.png\" alt=\"\" class=\"wp-image-21279\"\/><\/figure>\n\n\n\n<p>O paciente foi imobilizado com um colar cervical e colocado em uma maca r\u00edgida. Foi iniciada oxigenoterapia e os sinais vitais foram monitorados antes da condu\u00e7\u00e3o ao Hospital S\u00e3o Braz para atendimento m\u00e9dico especializado.<\/p>\n\n\n\n<p>Devido \u00e0 gravidade da ocorr\u00eancia, n\u00e3o foram disponibilizadas imagens do atendimento.<\/p>\n","protected":false},"excerpt":{"rendered":"<p>Uma grave ocorr\u00eancia foi registrada na tarde desta quinta-feira, 01 de agosto, em Porto Uni\u00e3o, onde um homem de 37 anos sofreu uma queda de aproximadamente 7 metros enquanto trabalhava em uma constru\u00e7\u00e3o civil. A equipe do Corpo de Bombeiros de Porto Uni\u00e3o foi acionada para o atendimento de emerg\u00eancia. Ao chegar no local, os [&hellip;]<\/p>\n","protected":false},"author":2,"featured_media":20322,"comment_status":"open","ping_status":"open","sticky":false,"template":"","format":"standard","meta":{"footnotes":""},"categories":[185],"tags":[172],"class_list":["post-25438","post","type-post","status-publish","format-standard","has-post-thumbnail","hentry","category-regional","tag-featured"],"amp_enabled":true,"_links":{"self":[{"href":"https:\/\/radiostudiow.com.br\/site\/wp-json\/wp\/v2\/posts\/25438","targetHints":{"allow":["GET"]}}],"collection":[{"href":"https:\/\/radiostudiow.com.br\/site\/wp-json\/wp\/v2\/posts"}],"about":[{"href":"https:\/\/radiostudiow.com.br\/site\/wp-json\/wp\/v2\/types\/post"}],"author":[{"embeddable":true,"href":"https:\/\/radiostudiow.com.br\/site\/wp-json\/wp\/v2\/users\/2"}],"replies":[{"embeddable":true,"href":"https:\/\/radiostudiow.com.br\/site\/wp-json\/wp\/v2\/comments?post=25438"}],"version-history":[{"count":2,"href":"https:\/\/radiostudiow.com.br\/site\/wp-json\/wp\/v2\/posts\/25438\/revisions"}],"predecessor-version":[{"id":25444,"href":"https:\/\/radiostudiow.com.br\/site\/wp-json\/wp\/v2\/posts\/25438\/revisions\/25444"}],"wp:featuredmedia":[{"embeddable":true,"href":"https:\/\/radiostudiow.com.br\/site\/wp-json\/wp\/v2\/media\/20322"}],"wp:attachment":[{"href":"https:\/\/radiostudiow.com.br\/site\/wp-json\/wp\/v2\/media?parent=25438"}],"wp:term":[{"taxonomy":"category","embeddable":true,"href":"https:\/\/radiostudiow.com.br\/site\/wp-json\/wp\/v2\/categories?post=25438"},{"taxonomy":"post_tag","embeddable":true,"href":"https:\/\/radiostudiow.com.br\/site\/wp-json\/wp\/v2\/tags?post=25438"}],"curies":[{"name":"wp","href":"https:\/\/api.w.org\/{rel}","templated":true}]}}