{"id":25448,"date":"2024-08-03T09:41:02","date_gmt":"2024-08-03T12:41:02","guid":{"rendered":"https:\/\/radiostudiow.com.br\/site\/?p=25448"},"modified":"2025-01-31T14:59:03","modified_gmt":"2025-01-31T17:59:03","slug":"mureta-de-paulo-frontin-causa-mais-um-acidente-na-br-476","status":"publish","type":"post","link":"https:\/\/radiostudiow.com.br\/site\/2024\/08\/03\/mureta-de-paulo-frontin-causa-mais-um-acidente-na-br-476\/","title":{"rendered":"Mureta de Paulo Frontin causa mais um acidente na BR-476"},"content":{"rendered":"\n<figure class=\"wp-block-image size-full\"><img loading=\"lazy\" decoding=\"async\" width=\"897\" height=\"204\" src=\"https:\/\/radiostudiow.com.br\/site\/wp-content\/uploads\/2024\/04\/image-38.png\" alt=\"\" class=\"wp-image-21308\" srcset=\"https:\/\/radiostudiow.com.br\/site\/wp-content\/uploads\/2024\/04\/image-38.png 897w, https:\/\/radiostudiow.com.br\/site\/wp-content\/uploads\/2024\/04\/image-38-300x68.png 300w, https:\/\/radiostudiow.com.br\/site\/wp-content\/uploads\/2024\/04\/image-38-768x175.png 768w\" sizes=\"auto, (max-width: 897px) 100vw, 897px\" \/><\/figure>\n\n\n\n<p>N\u00e3o \u00e9 not\u00edcia repetida n\u00e3o. Mais uma vez, um caminh\u00e3o parou sobre a mureta que divide o tr\u00e2nsito entre os ve\u00edculos que seguem pela BR-476 em dire\u00e7\u00e3o a S\u00e3o Mateus do Sul e em convers\u00e3o para a BR-153 em dire\u00e7\u00e3o a Paulo Frontin e Mallet na popularmente conhecida como \u201cmureta de Frontin\u201d.<a href=\"https:\/\/www.amcg.com.br\/\" target=\"_blank\" rel=\"noreferrer noopener\"><\/a><\/p>\n\n\n\n<p>O acidente aconteceu na noite desta quinta-feira, 01 de julho, e n\u00e3o houve registro de feridos. A Pol\u00edcia Rodovi\u00e1ria Federal (PRF) foi acionada e atendeu a ocorr\u00eancia, j\u00e1 que houve vazamento de \u00f3leo do caminh\u00e3o sobre a pista.<\/p>\n\n\n\n<figure class=\"wp-block-image size-full\"><img decoding=\"async\" src=\"https:\/\/radiostudiow.com.br\/site\/wp-content\/uploads\/2024\/04\/image-58.png\" alt=\"\" class=\"wp-image-21416\"\/><\/figure>\n\n\n\n<p>Acidentes neste local s\u00e3o frequentes, e aumenta o n\u00famero de casos nesse trevo, por conta da mureta constru\u00edda no meio da rodovia e alvo de cr\u00edticas.&nbsp;Em abril de 2021,&nbsp;um caminh\u00e3o carregado com cebola bateu contra a mureta e acabou tombando.&nbsp;Em dezembro de 2022,&nbsp;um motorista acabou morrendo por conta de um grave acidente, ap\u00f3s colidir contra a mureta. E em&nbsp;julho do ano passado,&nbsp;um outro caminh\u00e3o tamb\u00e9m se envolveu em um acidente no mesmo local.<\/p>\n","protected":false},"excerpt":{"rendered":"<p>N\u00e3o \u00e9 not\u00edcia repetida n\u00e3o. Mais uma vez, um caminh\u00e3o parou sobre a mureta que divide o tr\u00e2nsito entre os ve\u00edculos que seguem pela BR-476 em dire\u00e7\u00e3o a S\u00e3o Mateus do Sul e em convers\u00e3o para a BR-153 em dire\u00e7\u00e3o a Paulo Frontin e Mallet na popularmente conhecida como \u201cmureta de Frontin\u201d. O acidente aconteceu [&hellip;]<\/p>\n","protected":false},"author":2,"featured_media":25466,"comment_status":"open","ping_status":"open","sticky":false,"template":"","format":"standard","meta":{"footnotes":""},"categories":[185],"tags":[172],"class_list":["post-25448","post","type-post","status-publish","format-standard","has-post-thumbnail","hentry","category-regional","tag-featured"],"amp_enabled":true,"_links":{"self":[{"href":"https:\/\/radiostudiow.com.br\/site\/wp-json\/wp\/v2\/posts\/25448","targetHints":{"allow":["GET"]}}],"collection":[{"href":"https:\/\/radiostudiow.com.br\/site\/wp-json\/wp\/v2\/posts"}],"about":[{"href":"https:\/\/radiostudiow.com.br\/site\/wp-json\/wp\/v2\/types\/post"}],"author":[{"embeddable":true,"href":"https:\/\/radiostudiow.com.br\/site\/wp-json\/wp\/v2\/users\/2"}],"replies":[{"embeddable":true,"href":"https:\/\/radiostudiow.com.br\/site\/wp-json\/wp\/v2\/comments?post=25448"}],"version-history":[{"count":1,"href":"https:\/\/radiostudiow.com.br\/site\/wp-json\/wp\/v2\/posts\/25448\/revisions"}],"predecessor-version":[{"id":25450,"href":"https:\/\/radiostudiow.com.br\/site\/wp-json\/wp\/v2\/posts\/25448\/revisions\/25450"}],"wp:featuredmedia":[{"embeddable":true,"href":"https:\/\/radiostudiow.com.br\/site\/wp-json\/wp\/v2\/media\/25466"}],"wp:attachment":[{"href":"https:\/\/radiostudiow.com.br\/site\/wp-json\/wp\/v2\/media?parent=25448"}],"wp:term":[{"taxonomy":"category","embeddable":true,"href":"https:\/\/radiostudiow.com.br\/site\/wp-json\/wp\/v2\/categories?post=25448"},{"taxonomy":"post_tag","embeddable":true,"href":"https:\/\/radiostudiow.com.br\/site\/wp-json\/wp\/v2\/tags?post=25448"}],"curies":[{"name":"wp","href":"https:\/\/api.w.org\/{rel}","templated":true}]}}