{"id":25458,"date":"2024-08-03T09:54:54","date_gmt":"2024-08-03T12:54:54","guid":{"rendered":"https:\/\/radiostudiow.com.br\/site\/?p=25458"},"modified":"2024-08-03T09:54:55","modified_gmt":"2024-08-03T12:54:55","slug":"dois-homens-foram-presos-apos-tentativa-de-homicidio-com-arma-de-fogo-em-uniao-da-vitoria","status":"publish","type":"post","link":"https:\/\/radiostudiow.com.br\/site\/2024\/08\/03\/dois-homens-foram-presos-apos-tentativa-de-homicidio-com-arma-de-fogo-em-uniao-da-vitoria\/","title":{"rendered":"Dois homens foram presos ap\u00f3s tentativa de homic\u00eddio com arma de fogo em Uni\u00e3o da Vit\u00f3ria"},"content":{"rendered":"\n<p>A equipe da Pol\u00edcia Militar de Uni\u00e3o da Vit\u00f3ria foi abordada por volta das 21 horas dessa quinta-feira, 01 de agosto, na entrada do bairro Limeira por um homem, o qual relatou que seu amigo havia sido atingido por um disparo de arma de fogo na regi\u00e3o da cabe\u00e7a.<\/p>\n\n\n\n<figure class=\"wp-block-image size-full is-resized\"><img decoding=\"async\" src=\"https:\/\/radiostudiow.com.br\/site\/wp-content\/uploads\/2024\/04\/image-6.png\" alt=\"\" class=\"wp-image-21168\" style=\"width:551px;height:auto\"\/><\/figure>\n\n\n\n<p>O homem informou que estava transportando a v\u00edtima em um carro para a UPA de Uni\u00e3o da Vit\u00f3ria em busca de socorro.<\/p>\n\n\n\n<p>Ao conversar com a v\u00edtima, esta explicou que havia acabado de chegar do trabalho e estava na frente de sua casa conversando com amigos quando tr\u00eas homens chegaram de bicicleta.&nbsp;Um dos suspeitos disparou contra eles, atingindo-o na cabe\u00e7a.<\/p>\n\n\n\n<figure class=\"wp-block-image size-full\"><img loading=\"lazy\" decoding=\"async\" width=\"598\" height=\"204\" src=\"https:\/\/radiostudiow.com.br\/site\/wp-content\/uploads\/2024\/04\/image-39.png\" alt=\"\" class=\"wp-image-21311\" srcset=\"https:\/\/radiostudiow.com.br\/site\/wp-content\/uploads\/2024\/04\/image-39.png 598w, https:\/\/radiostudiow.com.br\/site\/wp-content\/uploads\/2024\/04\/image-39-300x102.png 300w\" sizes=\"auto, (max-width: 598px) 100vw, 598px\" \/><\/figure>\n\n\n\n<p>Imediatamente, foram repassadas as caracter\u00edsticas dos suspeitos para a rede policial. Com o apoio das equipes, dois dos suspeitos foram localizados. Ambos foram informados de seus direitos e receberam voz de pris\u00e3o.<\/p>\n\n\n\n<p>A investiga\u00e7\u00e3o sobre o caso continua, e as autoridades est\u00e3o trabalhando para identificar e capturar poss\u00edveis outros envolvidos no incidente.<\/p>\n","protected":false},"excerpt":{"rendered":"<p>A equipe da Pol\u00edcia Militar de Uni\u00e3o da Vit\u00f3ria foi abordada por volta das 21 horas dessa quinta-feira, 01 de agosto, na entrada do bairro Limeira por um homem, o qual relatou que seu amigo havia sido atingido por um disparo de arma de fogo na regi\u00e3o da cabe\u00e7a. O homem informou que estava transportando [&hellip;]<\/p>\n","protected":false},"author":2,"featured_media":22528,"comment_status":"open","ping_status":"open","sticky":false,"template":"","format":"standard","meta":{"footnotes":""},"categories":[7],"tags":[],"class_list":["post-25458","post","type-post","status-publish","format-standard","has-post-thumbnail","hentry","category-geral"],"amp_enabled":true,"_links":{"self":[{"href":"https:\/\/radiostudiow.com.br\/site\/wp-json\/wp\/v2\/posts\/25458","targetHints":{"allow":["GET"]}}],"collection":[{"href":"https:\/\/radiostudiow.com.br\/site\/wp-json\/wp\/v2\/posts"}],"about":[{"href":"https:\/\/radiostudiow.com.br\/site\/wp-json\/wp\/v2\/types\/post"}],"author":[{"embeddable":true,"href":"https:\/\/radiostudiow.com.br\/site\/wp-json\/wp\/v2\/users\/2"}],"replies":[{"embeddable":true,"href":"https:\/\/radiostudiow.com.br\/site\/wp-json\/wp\/v2\/comments?post=25458"}],"version-history":[{"count":1,"href":"https:\/\/radiostudiow.com.br\/site\/wp-json\/wp\/v2\/posts\/25458\/revisions"}],"predecessor-version":[{"id":25459,"href":"https:\/\/radiostudiow.com.br\/site\/wp-json\/wp\/v2\/posts\/25458\/revisions\/25459"}],"wp:featuredmedia":[{"embeddable":true,"href":"https:\/\/radiostudiow.com.br\/site\/wp-json\/wp\/v2\/media\/22528"}],"wp:attachment":[{"href":"https:\/\/radiostudiow.com.br\/site\/wp-json\/wp\/v2\/media?parent=25458"}],"wp:term":[{"taxonomy":"category","embeddable":true,"href":"https:\/\/radiostudiow.com.br\/site\/wp-json\/wp\/v2\/categories?post=25458"},{"taxonomy":"post_tag","embeddable":true,"href":"https:\/\/radiostudiow.com.br\/site\/wp-json\/wp\/v2\/tags?post=25458"}],"curies":[{"name":"wp","href":"https:\/\/api.w.org\/{rel}","templated":true}]}}