{"id":25460,"date":"2024-08-03T09:56:09","date_gmt":"2024-08-03T12:56:09","guid":{"rendered":"https:\/\/radiostudiow.com.br\/site\/?p=25460"},"modified":"2025-01-31T14:59:03","modified_gmt":"2025-01-31T17:59:03","slug":"operacao-da-rotam-resulta-em-prisao-por-trafico-de-drogas-em-uniao-da-vitoria","status":"publish","type":"post","link":"https:\/\/radiostudiow.com.br\/site\/2024\/08\/03\/operacao-da-rotam-resulta-em-prisao-por-trafico-de-drogas-em-uniao-da-vitoria\/","title":{"rendered":"Opera\u00e7\u00e3o da Rotam resulta em pris\u00e3o por tr\u00e1fico de drogas em Uni\u00e3o da Vit\u00f3ria"},"content":{"rendered":"\n<p>Uma a\u00e7\u00e3o da equipe Rotam resultou na pris\u00e3o de um homem no bairro Panorama por volta das 17:30 horas desta quinta-feira (01).<\/p>\n\n\n\n<p>Durante uma abordagem a uma resid\u00eancia, os policiais encontraram uma por\u00e7\u00e3o de 111,5 gramas de subst\u00e2ncia an\u00e1loga \u00e0 maconha. Diante da evid\u00eancia de tr\u00e1fico de drogas, foi dado voz de pris\u00e3o ao suspeito.<\/p>\n\n\n\n<figure class=\"wp-block-image size-full\"><img loading=\"lazy\" decoding=\"async\" width=\"590\" height=\"204\" src=\"https:\/\/radiostudiow.com.br\/site\/wp-content\/uploads\/2024\/04\/image-27.png\" alt=\"\" class=\"wp-image-21280\" srcset=\"https:\/\/radiostudiow.com.br\/site\/wp-content\/uploads\/2024\/04\/image-27.png 590w, https:\/\/radiostudiow.com.br\/site\/wp-content\/uploads\/2024\/04\/image-27-300x104.png 300w\" sizes=\"auto, (max-width: 590px) 100vw, 590px\" \/><\/figure>\n\n\n\n<p>O homem foi informado de seus direitos constitucionais e, em seguida, foi encaminhado \u00e0 4\u00aa SDP para que a autoridade policial pudesse avaliar a situa\u00e7\u00e3o e tomar as medidas legais cab\u00edveis.<\/p>\n","protected":false},"excerpt":{"rendered":"<p>Uma a\u00e7\u00e3o da equipe Rotam resultou na pris\u00e3o de um homem no bairro Panorama por volta das 17:30 horas desta quinta-feira (01). Durante uma abordagem a uma resid\u00eancia, os policiais encontraram uma por\u00e7\u00e3o de 111,5 gramas de subst\u00e2ncia an\u00e1loga \u00e0 maconha. Diante da evid\u00eancia de tr\u00e1fico de drogas, foi dado voz de pris\u00e3o ao suspeito. [&hellip;]<\/p>\n","protected":false},"author":2,"featured_media":25462,"comment_status":"open","ping_status":"open","sticky":false,"template":"","format":"standard","meta":{"footnotes":""},"categories":[2],"tags":[172],"class_list":["post-25460","post","type-post","status-publish","format-standard","has-post-thumbnail","hentry","category-policial","tag-featured"],"amp_enabled":true,"_links":{"self":[{"href":"https:\/\/radiostudiow.com.br\/site\/wp-json\/wp\/v2\/posts\/25460","targetHints":{"allow":["GET"]}}],"collection":[{"href":"https:\/\/radiostudiow.com.br\/site\/wp-json\/wp\/v2\/posts"}],"about":[{"href":"https:\/\/radiostudiow.com.br\/site\/wp-json\/wp\/v2\/types\/post"}],"author":[{"embeddable":true,"href":"https:\/\/radiostudiow.com.br\/site\/wp-json\/wp\/v2\/users\/2"}],"replies":[{"embeddable":true,"href":"https:\/\/radiostudiow.com.br\/site\/wp-json\/wp\/v2\/comments?post=25460"}],"version-history":[{"count":1,"href":"https:\/\/radiostudiow.com.br\/site\/wp-json\/wp\/v2\/posts\/25460\/revisions"}],"predecessor-version":[{"id":25463,"href":"https:\/\/radiostudiow.com.br\/site\/wp-json\/wp\/v2\/posts\/25460\/revisions\/25463"}],"wp:featuredmedia":[{"embeddable":true,"href":"https:\/\/radiostudiow.com.br\/site\/wp-json\/wp\/v2\/media\/25462"}],"wp:attachment":[{"href":"https:\/\/radiostudiow.com.br\/site\/wp-json\/wp\/v2\/media?parent=25460"}],"wp:term":[{"taxonomy":"category","embeddable":true,"href":"https:\/\/radiostudiow.com.br\/site\/wp-json\/wp\/v2\/categories?post=25460"},{"taxonomy":"post_tag","embeddable":true,"href":"https:\/\/radiostudiow.com.br\/site\/wp-json\/wp\/v2\/tags?post=25460"}],"curies":[{"name":"wp","href":"https:\/\/api.w.org\/{rel}","templated":true}]}}