{"id":25470,"date":"2024-08-03T12:49:05","date_gmt":"2024-08-03T15:49:05","guid":{"rendered":"https:\/\/radiostudiow.com.br\/site\/?p=25470"},"modified":"2025-01-31T14:59:03","modified_gmt":"2025-01-31T17:59:03","slug":"jovem-de-16-anos-morre-ao-ser-baleado-em-sao-mateus-do-sul","status":"publish","type":"post","link":"https:\/\/radiostudiow.com.br\/site\/2024\/08\/03\/jovem-de-16-anos-morre-ao-ser-baleado-em-sao-mateus-do-sul\/","title":{"rendered":"Jovem de 16 anos morre ao ser baleado em S\u00e3o Mateus do Sul"},"content":{"rendered":"\n<p>Victor Nizer, de 16 anos,\u00a0morreu na noite de sexta-feira (2),\u00a0ap\u00f3s ser baleado na Vila Bom Jesus, em S\u00e3o Mateus do Sul.\u00a0Segundo informa\u00e7\u00f5es do Corpo de Bombeiros, eles foram acionados por volta das 22h05 e Victor j\u00e1 havia sido levado por terceiros ao Pronto Atendimento.\u00a0O pai de Victor n\u00e3o foi baleado,\u00a0e acabou machucando o bra\u00e7o com um vidro e levado posteriormente ao Pronto Atendimento.<\/p>\n\n\n\n<figure class=\"wp-block-image size-full\"><img decoding=\"async\" src=\"https:\/\/radiostudiow.com.br\/site\/wp-content\/uploads\/2024\/04\/SITE-MEDIO.png\" alt=\"\" class=\"wp-image-21854\"\/><\/figure>\n\n\n\n<p>A Pol\u00edcia Militar ainda n\u00e3o repassou informa\u00e7\u00f5es sobre como foi o homic\u00eddio e as poss\u00edveis motiva\u00e7\u00f5es. O corpo de Victor foi levado ao Instituto M\u00e9dico Legal (IML), e ap\u00f3s liberado ser\u00e1 velado na resid\u00eancia de familiares na Vila Bom Jesus. O sepultamento domingo (4) no cemit\u00e9rio de Col\u00f4nia Taquaral em hor\u00e1rio a ser definido por familiares.<\/p>\n\n\n\n<p>Victor Nizer completaria 17 anos na pr\u00f3xima semana. Em breve nova atualiza\u00e7\u00e3o sobre as poss\u00edveis motiva\u00e7\u00f5es do crime.<\/p>\n","protected":false},"excerpt":{"rendered":"<p>Victor Nizer, de 16 anos,\u00a0morreu na noite de sexta-feira (2),\u00a0ap\u00f3s ser baleado na Vila Bom Jesus, em S\u00e3o Mateus do Sul.\u00a0Segundo informa\u00e7\u00f5es do Corpo de Bombeiros, eles foram acionados por volta das 22h05 e Victor j\u00e1 havia sido levado por terceiros ao Pronto Atendimento.\u00a0O pai de Victor n\u00e3o foi baleado,\u00a0e acabou machucando o bra\u00e7o com [&hellip;]<\/p>\n","protected":false},"author":2,"featured_media":25471,"comment_status":"open","ping_status":"open","sticky":false,"template":"","format":"standard","meta":{"footnotes":""},"categories":[185],"tags":[172],"class_list":["post-25470","post","type-post","status-publish","format-standard","has-post-thumbnail","hentry","category-regional","tag-featured"],"amp_enabled":true,"_links":{"self":[{"href":"https:\/\/radiostudiow.com.br\/site\/wp-json\/wp\/v2\/posts\/25470","targetHints":{"allow":["GET"]}}],"collection":[{"href":"https:\/\/radiostudiow.com.br\/site\/wp-json\/wp\/v2\/posts"}],"about":[{"href":"https:\/\/radiostudiow.com.br\/site\/wp-json\/wp\/v2\/types\/post"}],"author":[{"embeddable":true,"href":"https:\/\/radiostudiow.com.br\/site\/wp-json\/wp\/v2\/users\/2"}],"replies":[{"embeddable":true,"href":"https:\/\/radiostudiow.com.br\/site\/wp-json\/wp\/v2\/comments?post=25470"}],"version-history":[{"count":2,"href":"https:\/\/radiostudiow.com.br\/site\/wp-json\/wp\/v2\/posts\/25470\/revisions"}],"predecessor-version":[{"id":25473,"href":"https:\/\/radiostudiow.com.br\/site\/wp-json\/wp\/v2\/posts\/25470\/revisions\/25473"}],"wp:featuredmedia":[{"embeddable":true,"href":"https:\/\/radiostudiow.com.br\/site\/wp-json\/wp\/v2\/media\/25471"}],"wp:attachment":[{"href":"https:\/\/radiostudiow.com.br\/site\/wp-json\/wp\/v2\/media?parent=25470"}],"wp:term":[{"taxonomy":"category","embeddable":true,"href":"https:\/\/radiostudiow.com.br\/site\/wp-json\/wp\/v2\/categories?post=25470"},{"taxonomy":"post_tag","embeddable":true,"href":"https:\/\/radiostudiow.com.br\/site\/wp-json\/wp\/v2\/tags?post=25470"}],"curies":[{"name":"wp","href":"https:\/\/api.w.org\/{rel}","templated":true}]}}