{"id":25474,"date":"2024-08-03T12:51:43","date_gmt":"2024-08-03T15:51:43","guid":{"rendered":"https:\/\/radiostudiow.com.br\/site\/?p=25474"},"modified":"2025-01-31T14:59:03","modified_gmt":"2025-01-31T17:59:03","slug":"homicida-e-estuprador-presos-no-mesmo-dia-pela-delegacia-da-mulher-de-uniao-da-vitoria","status":"publish","type":"post","link":"https:\/\/radiostudiow.com.br\/site\/2024\/08\/03\/homicida-e-estuprador-presos-no-mesmo-dia-pela-delegacia-da-mulher-de-uniao-da-vitoria\/","title":{"rendered":"Homicida e estuprador presos no mesmo dia pela Delegacia da Mulher de Uni\u00e3o da Vit\u00f3ria"},"content":{"rendered":"\n<p>Nesta sexta-feira, 2, a Delegacia da Mulher de Uni\u00e3o da Vit\u00f3ria realizou um feito not\u00e1vel ao prender dois criminosos perigosos em opera\u00e7\u00f5es distintas.<\/p>\n\n\n\n<p>Os policiais cumpriram um mandado de pris\u00e3o contra um homem de 29 anos, acusado de tentativa de homic\u00eddio em janeiro de 2015.<\/p>\n\n\n\n<figure class=\"wp-block-image size-full\"><img loading=\"lazy\" decoding=\"async\" width=\"897\" height=\"204\" src=\"https:\/\/radiostudiow.com.br\/site\/wp-content\/uploads\/2024\/04\/image-51.png\" alt=\"\" class=\"wp-image-21370\" srcset=\"https:\/\/radiostudiow.com.br\/site\/wp-content\/uploads\/2024\/04\/image-51.png 897w, https:\/\/radiostudiow.com.br\/site\/wp-content\/uploads\/2024\/04\/image-51-300x68.png 300w, https:\/\/radiostudiow.com.br\/site\/wp-content\/uploads\/2024\/04\/image-51-768x175.png 768w\" sizes=\"auto, (max-width: 897px) 100vw, 897px\" \/><\/figure>\n\n\n\n<p>O acusado tentou matar um desafeto com golpes de fac\u00e3o, interrompendo a agress\u00e3o somente ap\u00f3s o pedido desesperado da filha da v\u00edtima para poupar a vida de seu pai.<\/p>\n\n\n\n<p>Desde o ocorrido, o indiv\u00edduo estava foragido, mudando constantemente de endere\u00e7o para evitar a captura. Hoje, sua fuga terminou com a a\u00e7\u00e3o eficaz dos policiais da Delegacia da Mulher.<\/p>\n\n\n\n<p>Ainda nesta sexta, ap\u00f3s um m\u00eas de investiga\u00e7\u00e3o intensiva, a Delegacia da Mulher conseguiu localizar e prender o suspeito de uma tentativa de estupro de vulner\u00e1vel, um homem de 40 anos.<\/p>\n\n\n\n<p>O crime, ocorrido em Uni\u00e3o da Vit\u00f3ria no final de junho, envolveu uma crian\u00e7a que quase foi arrastada para um matagal e estuprada sob amea\u00e7a de faca.<\/p>\n\n\n\n<figure class=\"wp-block-image size-full\"><img loading=\"lazy\" decoding=\"async\" width=\"897\" height=\"204\" src=\"https:\/\/radiostudiow.com.br\/site\/wp-content\/uploads\/2024\/04\/image-50.png\" alt=\"\" class=\"wp-image-21368\" srcset=\"https:\/\/radiostudiow.com.br\/site\/wp-content\/uploads\/2024\/04\/image-50.png 897w, https:\/\/radiostudiow.com.br\/site\/wp-content\/uploads\/2024\/04\/image-50-300x68.png 300w, https:\/\/radiostudiow.com.br\/site\/wp-content\/uploads\/2024\/04\/image-50-768x175.png 768w\" sizes=\"auto, (max-width: 897px) 100vw, 897px\" \/><\/figure>\n\n\n\n<p>Desde ent\u00e3o, o suspeito estava sendo procurado pelas autoridades.\u00a0Gra\u00e7as ao trabalho minucioso da equipe de investiga\u00e7\u00e3o, foi poss\u00edvel representar pela pris\u00e3o preventiva do criminoso, a qual foi decretada e cumprida na mesma data.<\/p>\n\n\n\n<p>Ambos os presos foram encaminhados ao sistema penitenci\u00e1rio local, onde aguardam os procedimentos judiciais.<\/p>\n\n\n\n<p>O Delegado Thiers Andregotti, respons\u00e1vel pelas opera\u00e7\u00f5es, destacou a import\u00e2ncia da atua\u00e7\u00e3o dedicada e coordenada da Delegacia da Mulher na captura dos criminosos e reafirmou o compromisso da equipe em combater a viol\u00eancia e garantir a seguran\u00e7a da popula\u00e7\u00e3o.<\/p>\n\n\n\n<figure class=\"wp-block-embed is-type-wp-embed is-provider-studio-w wp-block-embed-studio-w\"><div class=\"wp-block-embed__wrapper\">\n<blockquote class=\"wp-embedded-content\" data-secret=\"wjShK5NK7N\"><a href=\"https:\/\/radiostudiow.com.br\/site\/2024\/08\/03\/agosto-lilas-conscientizacao-contra-a-violencia-a-mulher\/\">Agosto Lil\u00e1s &#8211; Conscientiza\u00e7\u00e3o contra a viol\u00eancia \u00e0 Mulher<\/a><\/blockquote><iframe loading=\"lazy\" class=\"wp-embedded-content\" sandbox=\"allow-scripts\" security=\"restricted\" style=\"position: absolute; visibility: hidden;\" title=\"&#8220;Agosto Lil\u00e1s &#8211; Conscientiza\u00e7\u00e3o contra a viol\u00eancia \u00e0 Mulher&#8221; &#8212; Studio W\" src=\"https:\/\/radiostudiow.com.br\/site\/2024\/08\/03\/agosto-lilas-conscientizacao-contra-a-violencia-a-mulher\/embed\/#?secret=XFlMXamwV6#?secret=wjShK5NK7N\" data-secret=\"wjShK5NK7N\" width=\"600\" height=\"338\" frameborder=\"0\" marginwidth=\"0\" marginheight=\"0\" scrolling=\"no\"><\/iframe>\n<\/div><\/figure>\n","protected":false},"excerpt":{"rendered":"<p>Nesta sexta-feira, 2, a Delegacia da Mulher de Uni\u00e3o da Vit\u00f3ria realizou um feito not\u00e1vel ao prender dois criminosos perigosos em opera\u00e7\u00f5es distintas. Os policiais cumpriram um mandado de pris\u00e3o contra um homem de 29 anos, acusado de tentativa de homic\u00eddio em janeiro de 2015. O acusado tentou matar um desafeto com golpes de fac\u00e3o, [&hellip;]<\/p>\n","protected":false},"author":2,"featured_media":25344,"comment_status":"open","ping_status":"open","sticky":false,"template":"","format":"standard","meta":{"footnotes":""},"categories":[2],"tags":[172],"class_list":["post-25474","post","type-post","status-publish","format-standard","has-post-thumbnail","hentry","category-policial","tag-featured"],"amp_enabled":true,"_links":{"self":[{"href":"https:\/\/radiostudiow.com.br\/site\/wp-json\/wp\/v2\/posts\/25474","targetHints":{"allow":["GET"]}}],"collection":[{"href":"https:\/\/radiostudiow.com.br\/site\/wp-json\/wp\/v2\/posts"}],"about":[{"href":"https:\/\/radiostudiow.com.br\/site\/wp-json\/wp\/v2\/types\/post"}],"author":[{"embeddable":true,"href":"https:\/\/radiostudiow.com.br\/site\/wp-json\/wp\/v2\/users\/2"}],"replies":[{"embeddable":true,"href":"https:\/\/radiostudiow.com.br\/site\/wp-json\/wp\/v2\/comments?post=25474"}],"version-history":[{"count":1,"href":"https:\/\/radiostudiow.com.br\/site\/wp-json\/wp\/v2\/posts\/25474\/revisions"}],"predecessor-version":[{"id":25475,"href":"https:\/\/radiostudiow.com.br\/site\/wp-json\/wp\/v2\/posts\/25474\/revisions\/25475"}],"wp:featuredmedia":[{"embeddable":true,"href":"https:\/\/radiostudiow.com.br\/site\/wp-json\/wp\/v2\/media\/25344"}],"wp:attachment":[{"href":"https:\/\/radiostudiow.com.br\/site\/wp-json\/wp\/v2\/media?parent=25474"}],"wp:term":[{"taxonomy":"category","embeddable":true,"href":"https:\/\/radiostudiow.com.br\/site\/wp-json\/wp\/v2\/categories?post=25474"},{"taxonomy":"post_tag","embeddable":true,"href":"https:\/\/radiostudiow.com.br\/site\/wp-json\/wp\/v2\/tags?post=25474"}],"curies":[{"name":"wp","href":"https:\/\/api.w.org\/{rel}","templated":true}]}}